{"id":20918,"date":"2026-03-14T14:57:51","date_gmt":"2026-03-14T14:57:51","guid":{"rendered":"https:\/\/ladepeche.mr\/?p=20918"},"modified":"2026-03-14T14:57:51","modified_gmt":"2026-03-14T14:57:51","slug":"justice-le-sort-de-ould-ghada-ajourne-jusquau-lundi","status":"publish","type":"post","link":"https:\/\/ladepeche.mr\/?p=20918","title":{"rendered":"Justice\u00a0: le sort de Ould Ghada ajourn\u00e9 jusqu\u2019au lundi"},"content":{"rendered":"<p>Le tribunal de la wilaya de Nouakchott Ouest a report\u00e9 au lundi prochain le prononc\u00e9 du verdict dans l\u2019affaire impliquant le pr\u00e9sident de l\u2019Organisation pour la transparence globale, Mohamed Ould Ghadda, apr\u00e8s son audition ce samedi devant la cour.<\/p>\n<p>Lors de l\u2019audience, Ould Ghadda a affirm\u00e9 disposer d\u2019\u00e9l\u00e9ments prouvant son innocence et contestant les accusations port\u00e9es contre lui.<\/p>\n<p>Le pr\u00e9venu est \u00e9galement revenu sur son implication dans le dossier relatif au march\u00e9 du laboratoire de la police, d\u00e9taillant sa collaboration avec les enqu\u00eateurs tout au long de l\u2019instruction, tant aupr\u00e8s des services de s\u00e9curit\u00e9 que devant la justice.<\/p>\n<p>Mohamed Ould Ghadda est poursuivi pour quatre chefs d\u2019accusation : dissimulation de preuves et entrave au cours de la justice, d\u00e9nigrement d\u2019une d\u00e9cision du parquet, outrage \u00e0 des agents de la justice \u2013 notamment de la police des crimes \u00e9conomiques \u2013 ainsi que la diffusion de fausses informations sur Internet.<\/p>\n<p>&nbsp;<\/p>\n","protected":false},"excerpt":{"rendered":"<p>Le tribunal de la wilaya de Nouakchott Ouest a report\u00e9 au lundi prochain le prononc\u00e9 du verdict dans l\u2019affaire impliquant le pr\u00e9sident de l\u2019Organisation pour la transparence globale, Mohamed Ould Ghadda, apr\u00e8s son audition ce samedi devant la cour. Lors de l\u2019audience, Ould Ghadda a affirm\u00e9 disposer d\u2019\u00e9l\u00e9ments prouvant son innocence et contestant les accusations &hellip;<\/p>\n","protected":false},"author":2,"featured_media":9038,"comment_status":"open","ping_status":"open","sticky":false,"template":"","format":"standard","meta":{"footnotes":""},"categories":[18],"tags":[],"class_list":["post-20918","post","type-post","status-publish","format-standard","has-post-thumbnail","hentry","category-actualites"],"_links":{"self":[{"href":"https:\/\/ladepeche.mr\/index.php?rest_route=\/wp\/v2\/posts\/20918","targetHints":{"allow":["GET"]}}],"collection":[{"href":"https:\/\/ladepeche.mr\/index.php?rest_route=\/wp\/v2\/posts"}],"about":[{"href":"https:\/\/ladepeche.mr\/index.php?rest_route=\/wp\/v2\/types\/post"}],"author":[{"embeddable":true,"href":"https:\/\/ladepeche.mr\/index.php?rest_route=\/wp\/v2\/users\/2"}],"replies":[{"embeddable":true,"href":"https:\/\/ladepeche.mr\/index.php?rest_route=%2Fwp%2Fv2%2Fcomments&post=20918"}],"version-history":[{"count":1,"href":"https:\/\/ladepeche.mr\/index.php?rest_route=\/wp\/v2\/posts\/20918\/revisions"}],"predecessor-version":[{"id":20919,"href":"https:\/\/ladepeche.mr\/index.php?rest_route=\/wp\/v2\/posts\/20918\/revisions\/20919"}],"wp:featuredmedia":[{"embeddable":true,"href":"https:\/\/ladepeche.mr\/index.php?rest_route=\/wp\/v2\/media\/9038"}],"wp:attachment":[{"href":"https:\/\/ladepeche.mr\/index.php?rest_route=%2Fwp%2Fv2%2Fmedia&parent=20918"}],"wp:term":[{"taxonomy":"category","embeddable":true,"href":"https:\/\/ladepeche.mr\/index.php?rest_route=%2Fwp%2Fv2%2Fcategories&post=20918"},{"taxonomy":"post_tag","embeddable":true,"href":"https:\/\/ladepeche.mr\/index.php?rest_route=%2Fwp%2Fv2%2Ftags&post=20918"}],"curies":[{"name":"wp","href":"https:\/\/api.w.org\/{rel}","templated":true}]}}