{"id":20923,"date":"2026-03-16T15:38:59","date_gmt":"2026-03-16T15:38:59","guid":{"rendered":"https:\/\/ladepeche.mr\/?p=20923"},"modified":"2026-03-16T15:38:59","modified_gmt":"2026-03-16T15:38:59","slug":"rim-mali-le-gouvernement-rejette-des-allegations-de-letat-major-malien","status":"publish","type":"post","link":"https:\/\/ladepeche.mr\/?p=20923","title":{"rendered":"RIM-Mali: le gouvernement rejette des all\u00e9gations de l&#8217;\u00e9tat-major malien"},"content":{"rendered":"<p>Le minist\u00e8re mauritanien des Affaires \u00e9trang\u00e8res a rejet\u00e9, lundi, les all\u00e9gations de l\u2019\u00e9tat-major des forces arm\u00e9es maliennes affirmant que des militaires maliens, d\u00e9tenus par des groupes terroristes, auraient \u00e9t\u00e9 retenus dans un camp de r\u00e9fugi\u00e9s maliens situ\u00e9 sur le territoire mauritanien avant de parvenir \u00e0 s\u2019en \u00e9chapper.<\/p>\n<p>Dans une d\u00e9claration officielle, le d\u00e9partement mauritanien a d\u00e9menti cat\u00e9goriquement ces affirmations, soulignant qu\u2019aucun \u00e9l\u00e9ment ne permet d\u2019accr\u00e9diter l\u2019existence de tels faits sur le sol mauritanien.<\/p>\n<p>Le minist\u00e8re a pr\u00e9cis\u00e9 que les camps de r\u00e9fugi\u00e9s maliens en Mauritanie sont plac\u00e9s sous la supervision des autorit\u00e9s nationales comp\u00e9tentes, en coordination avec les organisations internationales, et qu\u2019ils font l\u2019objet d\u2019un suivi s\u00e9curitaire et humanitaire strict.<\/p>\n<p>Le Gouvernement mauritanien qui se dit, par ailleurs, indign\u00e9 et stup\u00e9fait par ces all\u00e9gations infond\u00e9es a encore r\u00e9affirm\u00e9 son engagement constant en faveur de la stabilit\u00e9 et de la s\u00e9curit\u00e9 dans la r\u00e9gion du Sahel, rappelant la coop\u00e9ration \u00e9troite qu\u2019entretient la Mauritanie avec les pays voisins et les partenaires internationaux dans la lutte contre le terrorisme.<\/p>\n<p>Les autorit\u00e9s mauritaniennes ont enfin appel\u00e9 \u00e0 la responsabilit\u00e9 dans la diffusion d\u2019informations li\u00e9es aux questions s\u00e9curitaires, soulignant l\u2019importance de s\u2019appuyer sur des faits v\u00e9rifi\u00e9s afin d\u2019\u00e9viter toute confusion ou interpr\u00e9tation erron\u00e9e.<\/p>\n","protected":false},"excerpt":{"rendered":"<p>Le minist\u00e8re mauritanien des Affaires \u00e9trang\u00e8res a rejet\u00e9, lundi, les all\u00e9gations de l\u2019\u00e9tat-major des forces arm\u00e9es maliennes affirmant que des militaires maliens, d\u00e9tenus par des groupes terroristes, auraient \u00e9t\u00e9 retenus dans un camp de r\u00e9fugi\u00e9s maliens situ\u00e9 sur le territoire mauritanien avant de parvenir \u00e0 s\u2019en \u00e9chapper. Dans une d\u00e9claration officielle, le d\u00e9partement mauritanien a &hellip;<\/p>\n","protected":false},"author":2,"featured_media":12224,"comment_status":"open","ping_status":"open","sticky":false,"template":"","format":"standard","meta":{"footnotes":""},"categories":[18,29],"tags":[],"class_list":["post-20923","post","type-post","status-publish","format-standard","has-post-thumbnail","hentry","category-actualites","category-monde"],"_links":{"self":[{"href":"https:\/\/ladepeche.mr\/index.php?rest_route=\/wp\/v2\/posts\/20923","targetHints":{"allow":["GET"]}}],"collection":[{"href":"https:\/\/ladepeche.mr\/index.php?rest_route=\/wp\/v2\/posts"}],"about":[{"href":"https:\/\/ladepeche.mr\/index.php?rest_route=\/wp\/v2\/types\/post"}],"author":[{"embeddable":true,"href":"https:\/\/ladepeche.mr\/index.php?rest_route=\/wp\/v2\/users\/2"}],"replies":[{"embeddable":true,"href":"https:\/\/ladepeche.mr\/index.php?rest_route=%2Fwp%2Fv2%2Fcomments&post=20923"}],"version-history":[{"count":1,"href":"https:\/\/ladepeche.mr\/index.php?rest_route=\/wp\/v2\/posts\/20923\/revisions"}],"predecessor-version":[{"id":20924,"href":"https:\/\/ladepeche.mr\/index.php?rest_route=\/wp\/v2\/posts\/20923\/revisions\/20924"}],"wp:featuredmedia":[{"embeddable":true,"href":"https:\/\/ladepeche.mr\/index.php?rest_route=\/wp\/v2\/media\/12224"}],"wp:attachment":[{"href":"https:\/\/ladepeche.mr\/index.php?rest_route=%2Fwp%2Fv2%2Fmedia&parent=20923"}],"wp:term":[{"taxonomy":"category","embeddable":true,"href":"https:\/\/ladepeche.mr\/index.php?rest_route=%2Fwp%2Fv2%2Fcategories&post=20923"},{"taxonomy":"post_tag","embeddable":true,"href":"https:\/\/ladepeche.mr\/index.php?rest_route=%2Fwp%2Fv2%2Ftags&post=20923"}],"curies":[{"name":"wp","href":"https:\/\/api.w.org\/{rel}","templated":true}]}}