{"id":20925,"date":"2026-03-16T16:03:19","date_gmt":"2026-03-16T16:03:19","guid":{"rendered":"https:\/\/ladepeche.mr\/?p=20925"},"modified":"2026-03-16T16:03:19","modified_gmt":"2026-03-16T16:03:19","slug":"recettes-nguenore-loue-les-performances-de-debut-dannee-de-la-dgi","status":"publish","type":"post","link":"https:\/\/ladepeche.mr\/?p=20925","title":{"rendered":"Recettes: N\u2019guenore loue les performances de d\u00e9but d&#8217;ann\u00e9e de la DGI"},"content":{"rendered":"<p>Le ministre des Finances, Codioro Moussa N\u2019guenore, a annonc\u00e9 lundi que les recettes fiscales enregistr\u00e9es durant les 72 premiers jours de l\u2019ann\u00e9e 2026 ont d\u00e9pass\u00e9 97 milliards d\u2019ouguiyas anciennes.<\/p>\n<p>S\u2019exprimant lors d\u2019une r\u00e9union tenue ce lundi avec les cadres et employ\u00e9s de la Direction g\u00e9n\u00e9rale des imp\u00f4ts, le ministre a pr\u00e9cis\u00e9 que cette p\u00e9riode couvre l\u2019intervalle du 1er janvier au 13 mars 2026.<\/p>\n<p>Selon lui, ce r\u00e9sultat constitue un bon d\u00e9marrage pour l\u2019ann\u00e9e 2026, soulignant qu\u2019au cours de la m\u00eame p\u00e9riode en 2025, les recettes fiscales n\u2019avaient atteint qu\u2019environ 57 milliards d\u2019ouguiyas anciennes.<\/p>\n<p>Kodyoro Moussa N\u2019Guenor a par ailleurs f\u00e9licit\u00e9 les \u00e9quipes pour leur performance depuis le d\u00e9but de l\u2019ann\u00e9e, ainsi que pour ce qu\u2019il a qualifi\u00e9 de r\u00e9sultats remarquables obtenus l\u2019ann\u00e9e pr\u00e9c\u00e9dente, affirmant qu\u2019elles ont r\u00e9ussi \u00e0 d\u00e9passer les objectifs fix\u00e9s dans la loi de finances.<\/p>\n","protected":false},"excerpt":{"rendered":"<p>Le ministre des Finances, Codioro Moussa N\u2019guenore, a annonc\u00e9 lundi que les recettes fiscales enregistr\u00e9es durant les 72 premiers jours de l\u2019ann\u00e9e 2026 ont d\u00e9pass\u00e9 97 milliards d\u2019ouguiyas anciennes. S\u2019exprimant lors d\u2019une r\u00e9union tenue ce lundi avec les cadres et employ\u00e9s de la Direction g\u00e9n\u00e9rale des imp\u00f4ts, le ministre a pr\u00e9cis\u00e9 que cette p\u00e9riode couvre &hellip;<\/p>\n","protected":false},"author":2,"featured_media":20926,"comment_status":"open","ping_status":"open","sticky":false,"template":"","format":"standard","meta":{"footnotes":""},"categories":[18,2],"tags":[],"class_list":["post-20925","post","type-post","status-publish","format-standard","has-post-thumbnail","hentry","category-actualites","category-economie"],"_links":{"self":[{"href":"https:\/\/ladepeche.mr\/index.php?rest_route=\/wp\/v2\/posts\/20925","targetHints":{"allow":["GET"]}}],"collection":[{"href":"https:\/\/ladepeche.mr\/index.php?rest_route=\/wp\/v2\/posts"}],"about":[{"href":"https:\/\/ladepeche.mr\/index.php?rest_route=\/wp\/v2\/types\/post"}],"author":[{"embeddable":true,"href":"https:\/\/ladepeche.mr\/index.php?rest_route=\/wp\/v2\/users\/2"}],"replies":[{"embeddable":true,"href":"https:\/\/ladepeche.mr\/index.php?rest_route=%2Fwp%2Fv2%2Fcomments&post=20925"}],"version-history":[{"count":1,"href":"https:\/\/ladepeche.mr\/index.php?rest_route=\/wp\/v2\/posts\/20925\/revisions"}],"predecessor-version":[{"id":20927,"href":"https:\/\/ladepeche.mr\/index.php?rest_route=\/wp\/v2\/posts\/20925\/revisions\/20927"}],"wp:featuredmedia":[{"embeddable":true,"href":"https:\/\/ladepeche.mr\/index.php?rest_route=\/wp\/v2\/media\/20926"}],"wp:attachment":[{"href":"https:\/\/ladepeche.mr\/index.php?rest_route=%2Fwp%2Fv2%2Fmedia&parent=20925"}],"wp:term":[{"taxonomy":"category","embeddable":true,"href":"https:\/\/ladepeche.mr\/index.php?rest_route=%2Fwp%2Fv2%2Fcategories&post=20925"},{"taxonomy":"post_tag","embeddable":true,"href":"https:\/\/ladepeche.mr\/index.php?rest_route=%2Fwp%2Fv2%2Ftags&post=20925"}],"curies":[{"name":"wp","href":"https:\/\/api.w.org\/{rel}","templated":true}]}}