{"id":20928,"date":"2026-03-16T16:45:02","date_gmt":"2026-03-16T16:45:02","guid":{"rendered":"https:\/\/ladepeche.mr\/?p=20928"},"modified":"2026-03-16T16:14:39","modified_gmt":"2026-03-16T16:14:39","slug":"nigeria-manifestation-contre-la-guerre-au-moyen-orient","status":"publish","type":"post","link":"https:\/\/ladepeche.mr\/?p=20928","title":{"rendered":"Nigeria : manifestation contre la guerre au Moyen-Orient"},"content":{"rendered":"<p data-t=\"{&quot;n&quot;:&quot;blueLinks&quot;,&quot;t&quot;:13,&quot;a&quot;:&quot;click&quot;,&quot;b&quot;:76}\"><strong>\u00ab Honte \u00e0 l\u2019Am\u00e9rique, honte \u00e0 Isra\u00ebl \u00bb, scandaient les manifestants.<\/strong><\/p>\n<div class=\"article-image-slot image-slot-placeholder\" data-doc-id=\"cms\/api\/amp\/image\/AA1YBO52\">\n<div class=\"article-image-slot\">\n<div class=\"article-image-container polished\" data-t=\"{&quot;n&quot;:&quot;OpenModal&quot;,&quot;t&quot;:13,&quot;b&quot;:8,&quot;c.i&quot;:&quot;AA1YB9W0&quot;,&quot;c.l&quot;:false,&quot;c.t&quot;:13,&quot;c.v&quot;:&quot;news&quot;,&quot;c.c&quot;:&quot;others&quot;,&quot;c.b&quot;:&quot;Euronews (Fran\u00e7ais)&quot;,&quot;c.bi&quot;:&quot;AA2qy7x&quot;,&quot;c.tv&quot;:&quot;news&quot;,&quot;c.tc&quot;:&quot;general&quot;,&quot;c.hl&quot;:&quot;Nigeria : manifestation contre la guerre au Moyen-Orient&quot;}\" data-test-id=\"AA1YBO52\">\n<p data-t=\"{&quot;n&quot;:&quot;blueLinks&quot;,&quot;t&quot;:13,&quot;a&quot;:&quot;click&quot;,&quot;b&quot;:76}\"><strong>Au Nigeria, des dizaines de musulmans chiites pro-iraniens ont manifest\u00e9 vendredi \u00e0 Abuja. Scandant des slogans anti-isra\u00e9liens et anti-am\u00e9ricains tout en exprimant leur solidarit\u00e9 avec les Palestiniens.<\/strong><\/p>\n<p data-t=\"{&quot;n&quot;:&quot;blueLinks&quot;,&quot;t&quot;:13,&quot;a&quot;:&quot;click&quot;,&quot;b&quot;:76}\">La manifestation s\u2019est d\u00e9roul\u00e9e apr\u00e8s la pri\u00e8re de vendredi \u00e0 la mosqu\u00e9e de la capitale nig\u00e9riane. Elle a condamn\u00e9 l\u2019assassinat d\u2019Ali Khamenei.<\/p>\n<p class=\"continue-read-break\" data-t=\"{&quot;n&quot;:&quot;blueLinks&quot;,&quot;t&quot;:13,&quot;a&quot;:&quot;click&quot;,&quot;b&quot;:76}\">&#8221;Tout le monde ressent la douleur caus\u00e9e par l&#8217;assassinat du cheikh Khamenei, \u00e0 moins de ne pas \u00eatre humain. Mais quant \u00e0 ceux qui l&#8217;ont tu\u00e9, je suis certain qu&#8217;ils le regrettent aujourd&#8217;hui, car ils ont tu\u00e9 le Khamenei de 86 ans, et le Khamenei de 57 ans a surgi pour d\u00e9clarer que la lutte se poursuivrait jusqu&#8217;\u00e0 ce que justice soit rendue aux Palestiniens.&#8221;, a d\u00e9clar\u00e9 Abdullahi Musa, membre du Mouvement islamique du Nigeria.<\/p>\n<p data-t=\"{&quot;n&quot;:&quot;blueLinks&quot;,&quot;t&quot;:13,&quot;a&quot;:&quot;click&quot;,&quot;b&quot;:76}\">L\u2019initiative a \u00e9t\u00e9 organis\u00e9e par le Mouvement islamique du Nigeria (IMN), un groupe chiite pro-iranien interdit pourtant depuis 2019. Pour ses membres, les \u00c9tats-Unis devraient retirer leurs forces militaires du Moyen-Orient<\/p>\n<p data-t=\"{&quot;n&quot;:&quot;blueLinks&quot;,&quot;t&quot;:13,&quot;a&quot;:&quot;click&quot;,&quot;b&quot;:76}\">&#8221;Aucune attaque men\u00e9e par les \u00c9tats-Unis ou Isra\u00ebl, o\u00f9 que ce soit dans le monde, n\u2019a jamais \u00e9t\u00e9 justifi\u00e9e. Partout o\u00f9 ils vont, c\u2019est pour servir leurs int\u00e9r\u00eats. Leur int\u00e9r\u00eat au Moyen-Orient est d\u2019an\u00e9antir Gaza. Le message est le suivant : si c\u2019est Gaza aujourd\u2019hui, ce sera peut-\u00eatre ailleurs demain. Par cons\u00e9quent, o\u00f9 que nous soyons, que nous soyons chr\u00e9tiens ou musulmans, nous devons nous battre pour l\u2019humanit\u00e9, et tel est le message. Aujourd\u2019hui est le jour des opprim\u00e9s&#8221;; a d\u00e9clar\u00e9 Abdullahi Musa.<\/p>\n<p data-t=\"{&quot;n&quot;:&quot;blueLinks&quot;,&quot;t&quot;:13,&quot;a&quot;:&quot;click&quot;,&quot;b&quot;:76}\">La semaine derni\u00e8re, l\u2019ambassade am\u00e9ricaine a ferm\u00e9 ses portes &#8221;en raison du risque&#8221; de &#8221;manifestations&#8221; non pr\u00e9cis\u00e9es.<\/p>\n<p data-t=\"{&quot;n&quot;:&quot;blueLinks&quot;,&quot;t&quot;:13,&quot;a&quot;:&quot;click&quot;,&quot;b&quot;:76}\"><a href=\"https:\/\/www.msn.com\/fr-xl\/actualite\/other\/nigeria-manifestation-contre-la-guerre-au-moyen-orient\/ar-AA1YB9W0?ocid=msedgntp&amp;pc=U531&amp;cvid=69b57e2833f647debd64c0718cc265ca&amp;cvpid=6d2e0fdce4db48fc91591010fc9410fa&amp;ei=16\">Nigeria : manifestation contre la guerre au Moyen-Orient<\/a><\/p>\n<\/div>\n<\/div>\n<\/div>\n","protected":false},"excerpt":{"rendered":"<p>\u00ab Honte \u00e0 l\u2019Am\u00e9rique, honte \u00e0 Isra\u00ebl \u00bb, scandaient les manifestants. Au Nigeria, des dizaines de musulmans chiites pro-iraniens ont manifest\u00e9 vendredi \u00e0 Abuja. Scandant des slogans anti-isra\u00e9liens et anti-am\u00e9ricains tout en exprimant leur solidarit\u00e9 avec les Palestiniens. La manifestation s\u2019est d\u00e9roul\u00e9e apr\u00e8s la pri\u00e8re de vendredi \u00e0 la mosqu\u00e9e de la capitale nig\u00e9riane. Elle &hellip;<\/p>\n","protected":false},"author":2,"featured_media":20930,"comment_status":"open","ping_status":"open","sticky":false,"template":"","format":"standard","meta":{"footnotes":""},"categories":[18,29],"tags":[],"class_list":["post-20928","post","type-post","status-publish","format-standard","has-post-thumbnail","hentry","category-actualites","category-monde"],"_links":{"self":[{"href":"https:\/\/ladepeche.mr\/index.php?rest_route=\/wp\/v2\/posts\/20928","targetHints":{"allow":["GET"]}}],"collection":[{"href":"https:\/\/ladepeche.mr\/index.php?rest_route=\/wp\/v2\/posts"}],"about":[{"href":"https:\/\/ladepeche.mr\/index.php?rest_route=\/wp\/v2\/types\/post"}],"author":[{"embeddable":true,"href":"https:\/\/ladepeche.mr\/index.php?rest_route=\/wp\/v2\/users\/2"}],"replies":[{"embeddable":true,"href":"https:\/\/ladepeche.mr\/index.php?rest_route=%2Fwp%2Fv2%2Fcomments&post=20928"}],"version-history":[{"count":1,"href":"https:\/\/ladepeche.mr\/index.php?rest_route=\/wp\/v2\/posts\/20928\/revisions"}],"predecessor-version":[{"id":20929,"href":"https:\/\/ladepeche.mr\/index.php?rest_route=\/wp\/v2\/posts\/20928\/revisions\/20929"}],"wp:featuredmedia":[{"embeddable":true,"href":"https:\/\/ladepeche.mr\/index.php?rest_route=\/wp\/v2\/media\/20930"}],"wp:attachment":[{"href":"https:\/\/ladepeche.mr\/index.php?rest_route=%2Fwp%2Fv2%2Fmedia&parent=20928"}],"wp:term":[{"taxonomy":"category","embeddable":true,"href":"https:\/\/ladepeche.mr\/index.php?rest_route=%2Fwp%2Fv2%2Fcategories&post=20928"},{"taxonomy":"post_tag","embeddable":true,"href":"https:\/\/ladepeche.mr\/index.php?rest_route=%2Fwp%2Fv2%2Ftags&post=20928"}],"curies":[{"name":"wp","href":"https:\/\/api.w.org\/{rel}","templated":true}]}}