{"id":20931,"date":"2026-03-16T21:11:16","date_gmt":"2026-03-16T21:11:16","guid":{"rendered":"https:\/\/ladepeche.mr\/?p=20931"},"modified":"2026-03-16T21:12:10","modified_gmt":"2026-03-16T21:12:10","slug":"terrorisme-porte-ouverte-au-repentir","status":"publish","type":"post","link":"https:\/\/ladepeche.mr\/?p=20931","title":{"rendered":"Terrorisme en Mauritanie: porte ouverte au repentir"},"content":{"rendered":"<p class=\"p1\"><span class=\"s1\">Dans le cadre des efforts visant \u00e0 consolider la paix sociale et \u00e0 lutter contre les d\u00e9rives id\u00e9ologiques extr\u00e9mistes, le Pr\u00e9sident de la R\u00e9publique, <\/span><span class=\"s2\">Mohamed Ould Cheikh El Ghazouani<\/span><span class=\"s1\">, a re\u00e7u au palais pr\u00e9sidentiel \u00e0 <\/span><span class=\"s2\">Nouakchott<\/span><span class=\"s1\"> une d\u00e9l\u00e9gation de la commission des oul\u00e9mas mauritaniens charg\u00e9e du dialogue avec les d\u00e9tenus salafistes.<\/span><\/p>\n<p class=\"p1\"><span class=\"s1\">Au cours de cette rencontre, le pr\u00e9sident de la commission, l\u2019\u00e9rudit <\/span><span class=\"s2\">Mohamed Mokhtar Ould M\u2019Bala<\/span><span class=\"s1\">, a pr\u00e9sent\u00e9 un bilan d\u00e9taill\u00e9 des derni\u00e8res sessions de dialogue men\u00e9es avec certains d\u00e9tenus influenc\u00e9s par des interpr\u00e9tations extr\u00e9mistes de la religion. Ces \u00e9changes, conduits par des savants reconnus pour leur ma\u00eetrise des sciences islamiques et de l\u2019ex\u00e9g\u00e8se, visent \u00e0 d\u00e9construire les lectures erron\u00e9es des textes religieux et \u00e0 ramener sur le droit chemin des individus qualifi\u00e9s d\u2019\u00ab \u00e9gar\u00e9s \u00bb.<\/span><\/p>\n<p class=\"p1\"><span class=\"s1\">Depuis plusieurs ann\u00e9es, ces initiatives reposent sur l\u2019argumentation th\u00e9ologique, la p\u00e9dagogie et le rappel des principes authentiques de l\u2019islam, fond\u00e9s sur la mod\u00e9ration, la tol\u00e9rance et le rejet de la violence. Les oul\u00e9mas s\u2019emploient ainsi \u00e0 corriger les conceptions d\u00e9voy\u00e9es qui ont, par le pass\u00e9, nourri certaines d\u00e9rives radicales.<\/span><\/p>\n<p class=\"p1\"><span class=\"s1\">Cette d\u00e9marche s\u2019inscrit dans un contexte marqu\u00e9 par des \u00e9pisodes douloureux de terrorisme qu\u2019a connus la Mauritanie au cours des ann\u00e9es 2000, notamment l\u2019attaque contre des soldats lors de l\u2019<\/span><span class=\"s2\">Attaque de Lemgheity<\/span><span class=\"s1\">, l\u2019assassinat de touristes fran\u00e7ais lors de l\u2019<\/span><span class=\"s2\">Assassinat des touristes fran\u00e7ais d\u2019Aleg<\/span><span class=\"s1\">, ou encore l\u2019attentat contre l\u2019<\/span><span class=\"s2\">Ambassade d\u2019Isra\u00ebl \u00e0 Nouakchott<\/span><span class=\"s1\"> en 2008. <\/span><\/p>\n<p class=\"p1\"><span class=\"s1\">Plus r\u00e9cemment encore, en mars 2023, quatre islamistes pensionnaires de la prison civile de Nouakchott avaient defray\u00e9 la chronique dont trois sont morts dans la poursuite lanc\u00e9e \u00e0 leurs trousses par les forces <\/span><\/p>\n<p class=\"p1\"><span class=\"s1\">Ces \u00e9v\u00e9nements avaient profond\u00e9ment marqu\u00e9 l\u2019opinion publique et mis en lumi\u00e8re la n\u00e9cessit\u00e9 d\u2019une r\u00e9ponse \u00e0 la fois s\u00e9curitaire et intellectuelle face \u00e0 l\u2019extr\u00e9misme.<\/span><\/p>\n<p class=\"p1\"><span class=\"s1\">Lors de la rencontre, le chef de l\u2019\u00c9tat a salu\u00e9 le r\u00f4le crucial jou\u00e9 par les oul\u00e9mas dans la rectification des concepts et dans la diffusion d\u2019un discours religieux \u00e9quilibr\u00e9. Il a soulign\u00e9 que la consolidation d\u2019une compr\u00e9hension saine de la religion constitue un rempart essentiel contre la radicalisation et un facteur d\u00e9terminant pour la stabilit\u00e9 intellectuelle et sociale du pays.<\/span><\/p>\n<p class=\"p1\"><span class=\"s1\">Les membres de la commission ont, pour leur part, exprim\u00e9 leur reconnaissance pour le soutien constant des autorit\u00e9s \u00e0 ce programme de dialogue, r\u00e9affirmant leur engagement \u00e0 poursuivre leur mission d\u2019encadrement religieux et de sensibilisation afin de pr\u00e9server l\u2019unit\u00e9 nationale et de promouvoir les valeurs de mod\u00e9ration qui caract\u00e9risent la tradition islamique mauritanienne.<\/span><\/p>\n","protected":false},"excerpt":{"rendered":"<p>Dans le cadre des efforts visant \u00e0 consolider la paix sociale et \u00e0 lutter contre les d\u00e9rives id\u00e9ologiques extr\u00e9mistes, le Pr\u00e9sident de la R\u00e9publique, Mohamed Ould Cheikh El Ghazouani, a re\u00e7u au palais pr\u00e9sidentiel \u00e0 Nouakchott une d\u00e9l\u00e9gation de la commission des oul\u00e9mas mauritaniens charg\u00e9e du dialogue avec les d\u00e9tenus salafistes. Au cours de cette &hellip;<\/p>\n","protected":false},"author":2,"featured_media":20933,"comment_status":"open","ping_status":"open","sticky":false,"template":"","format":"standard","meta":{"footnotes":""},"categories":[18,15,31],"tags":[],"class_list":["post-20931","post","type-post","status-publish","format-standard","has-post-thumbnail","hentry","category-actualites","category-culture","category-politique-et-reportages"],"_links":{"self":[{"href":"https:\/\/ladepeche.mr\/index.php?rest_route=\/wp\/v2\/posts\/20931","targetHints":{"allow":["GET"]}}],"collection":[{"href":"https:\/\/ladepeche.mr\/index.php?rest_route=\/wp\/v2\/posts"}],"about":[{"href":"https:\/\/ladepeche.mr\/index.php?rest_route=\/wp\/v2\/types\/post"}],"author":[{"embeddable":true,"href":"https:\/\/ladepeche.mr\/index.php?rest_route=\/wp\/v2\/users\/2"}],"replies":[{"embeddable":true,"href":"https:\/\/ladepeche.mr\/index.php?rest_route=%2Fwp%2Fv2%2Fcomments&post=20931"}],"version-history":[{"count":2,"href":"https:\/\/ladepeche.mr\/index.php?rest_route=\/wp\/v2\/posts\/20931\/revisions"}],"predecessor-version":[{"id":20935,"href":"https:\/\/ladepeche.mr\/index.php?rest_route=\/wp\/v2\/posts\/20931\/revisions\/20935"}],"wp:featuredmedia":[{"embeddable":true,"href":"https:\/\/ladepeche.mr\/index.php?rest_route=\/wp\/v2\/media\/20933"}],"wp:attachment":[{"href":"https:\/\/ladepeche.mr\/index.php?rest_route=%2Fwp%2Fv2%2Fmedia&parent=20931"}],"wp:term":[{"taxonomy":"category","embeddable":true,"href":"https:\/\/ladepeche.mr\/index.php?rest_route=%2Fwp%2Fv2%2Fcategories&post=20931"},{"taxonomy":"post_tag","embeddable":true,"href":"https:\/\/ladepeche.mr\/index.php?rest_route=%2Fwp%2Fv2%2Ftags&post=20931"}],"curies":[{"name":"wp","href":"https:\/\/api.w.org\/{rel}","templated":true}]}}