{"id":2100,"date":"2022-09-27T14:29:49","date_gmt":"2022-09-27T14:29:49","guid":{"rendered":"https:\/\/ladepeche.mr\/?p=2100"},"modified":"2022-09-27T14:29:49","modified_gmt":"2022-09-27T14:29:49","slug":"la-crise-securitaire-au-sahel-represente-une-menace-mondiale-previent-le-chef-de-lonu","status":"publish","type":"post","link":"https:\/\/ladepeche.mr\/?p=2100","title":{"rendered":"La crise s\u00e9curitaire au Sahel repr\u00e9sente une menace mondiale, pr\u00e9vient le chef de l\u2019ONU"},"content":{"rendered":"<p>La communaut\u00e9 internationale doit trouver des solutions audacieuses pour aider la r\u00e9gion du Sahel en Afrique \u00e0 sortir de la crise s\u00e9curitaire, humanitaire et financi\u00e8re qui l\u2019affecte, a plaid\u00e9 jeudi le Secr\u00e9taire g\u00e9n\u00e9ral de l\u2019ONU, Ant\u00f3nio Guterres.<br \/>\n\u00ab Il y a urgence. L&#8217;ins\u00e9curit\u00e9 et l&#8217;instabilit\u00e9 politique au Sahel continuent d&#8217;aggraver une situation humanitaire d\u00e9j\u00e0 catastrophique. Dans certaines r\u00e9gions, l&#8217;\u00c9tat a perdu tout acc\u00e8s aux populations. Les groupes arm\u00e9s non \u00e9tatiques consolident leur funeste emprise dans la r\u00e9gion et cherchent m\u00eame \u00e0 \u00e9tendre leur pr\u00e9sence vers les pays du Golfe de Guin\u00e9e \u00bb, a constat\u00e9 le chef de l\u2019ONU lors d\u2019un \u00e9v\u00e9nement de haut niveau sur cette r\u00e9gion d\u2019Afrique organis\u00e9 en marge du d\u00e9bat g\u00e9n\u00e9ral de l\u2019Assembl\u00e9e g\u00e9n\u00e9rale des Nations Unies \u00e0 New York.<\/p>\n<p>Il a observ\u00e9 que la violence aveugle continue de tuer et de blesser des milliers de civils innocents, for\u00e7ant des millions d\u2019autres \u00e0 fuir leur foyer, les femmes et les enfants en particulier subissant de plein fouet l&#8217;ins\u00e9curit\u00e9, la violence et les in\u00e9galit\u00e9s croissantes.<\/p>\n<p>Graves violations des droits humains<br \/>\nLe Secr\u00e9taire g\u00e9n\u00e9ral a jug\u00e9 tr\u00e8s pr\u00e9occupants les rapports faisant \u00e9tat de graves violations des droits humains commises par des groupes arm\u00e9s non \u00e9tatiques \u2013 mais aussi parfois par certaines forces de s\u00e9curit\u00e9.<\/p>\n<p>La r\u00e9gion du Sahel subit \u00e9galement les ravages du d\u00e9r\u00e8glement climatique, qui continue d&#8217;\u00e9roder les sols et de vider les masses d&#8217;eau, contribuant \u00e0 l\u2019ins\u00e9curit\u00e9 alimentaire aigu\u00eb et exacerbant les tensions entre fermiers et \u00e9leveurs.<\/p>\n<p>C\u2019est sans compter la menace d\u2019une crise de la dette syst\u00e9mique qui entra\u00eenerait des r\u00e9percussions sur le continent tout entier. Avec une dette d\u00e9passant parfois les trois-quarts du PIB, de plus en plus de pays de la r\u00e9gion sont forc\u00e9s de rediriger leur fonds vers le paiement de leur dette \u2014 aux d\u00e9pens des services essentiels pour les populations.<\/p>\n<p>Dans ce contexte, M. Guterres a estim\u00e9 qu\u2019il fallait absolument \u00ab changer les r\u00e8gles du jeu des rapports financiers du monde \u00bb, qui sont aujourd\u2019hui compl\u00e8tement contre les int\u00e9r\u00eats des pays en d\u00e9veloppement.<\/p>\n<p>\u00ab Aujourd&#8217;hui, j&#8217;appelle \u00e0 un renouvellement des efforts collectifs pour favoriser la gouvernance d\u00e9mocratique et restaurer l&#8217;ordre constitutionnel dans toute la r\u00e9gion. L&#8217;\u00c9tat de droit et le plein respect des droits humains sont indispensables pour garantir la s\u00e9curit\u00e9 et le d\u00e9veloppement durable \u00bb, a d\u00e9clar\u00e9 le chef de l\u2019ONU.<\/p>\n<p>Un sursaut international n\u00e9cessaire<br \/>\n\u00ab Soyons clairs : la crise s\u00e9curitaire au Sahel repr\u00e9sente une menace mondiale. Si rien n\u2019est fait, les effets du terrorisme, de l&#8217;extr\u00e9misme violent et du crime organis\u00e9 seront ressentis bien au-del\u00e0 de la r\u00e9gion et du continent africain. Un sursaut international, urgent et coordonn\u00e9 s\u2019impose \u00bb, a-t-il ajout\u00e9.<\/p>\n<p>Au-del\u00e0 des efforts existants, le Secr\u00e9taire g\u00e9n\u00e9ral estime qu\u2019il faut repenser l\u2019approche collective et faire preuve de cr\u00e9ativit\u00e9.<\/p>\n<p>En d\u00e9cembre dernier, l&#8217;Union Africaine et les Nations Unies se sont engag\u00e9es \u00e0 travailler ensemble, en tandem avec la Communaut\u00e9 \u00e9conomique des Etats d\u2019Afrique de l\u2019Ouest (CEDEAO) et le G5 Sahel, qui r\u00e9unit cinq pays du Sahel, pour am\u00e9liorer l\u2019action globale men\u00e9e en mati\u00e8re de s\u00e9curit\u00e9, de gouvernance et de d\u00e9veloppement \u00e0 travers le Sahel.<\/p>\n<p>Dans le cadre de cet effort, l&#8217;ancien Pr\u00e9sident du Niger, Mahamadou Issoufou, pr\u00e9side le Groupe de haut niveau sur la s\u00e9curit\u00e9 et le d\u00e9veloppement au Sahel, qui conduira une \u00e9valuation ind\u00e9pendante et formulera des recommandations concr\u00e8tes pour faire face \u00e0 la crise multiforme et mobiliser les ressources n\u00e9cessaires pour y r\u00e9pondre durablement.<\/p>\n<p>Le chef de l\u2019ONU a encourag\u00e9 chacun \u00e0 travailler \u00e9troitement avec le Groupe ind\u00e9pendant afin de faire \u00e9merger des solutions audacieuses.<\/p>\n<p>S\u2019agissant du Mali, il a estim\u00e9 que des solutions nouvelles s\u2019imposent \u00e0 la lumi\u00e8re des changements survenus dans le pays et des d\u00e9fis qui persistent en d\u00e9pit des efforts collectif. A la demande du Conseil de s\u00e9curit\u00e9, une revue d\u2019ensemble du r\u00f4le de la Mission des Nations Unies au Mali (MINUSMA) est en cours, a-t-il not\u00e9, ajoutant qu\u2019il formulera des propositions en ce sens dans les mois \u00e0 venir.<\/p>\n<p>\u00ab Les Nations Unies sont pr\u00eates \u00e0 agir \u00e0 vos c\u00f4t\u00e9s, avec urgence et solidarit\u00e9, pour parvenir \u00e0 un Sahel pacifique, stable et prosp\u00e8re \u00bb, a conclu le Secr\u00e9taire g\u00e9n\u00e9ral.<br \/>\nhttps:\/\/news.un.org\/fr\/story\/2022\/09\/1127681<\/p>\n","protected":false},"excerpt":{"rendered":"<p>La communaut\u00e9 internationale doit trouver des solutions audacieuses pour aider la r\u00e9gion du Sahel en Afrique \u00e0 sortir de la crise s\u00e9curitaire, humanitaire et financi\u00e8re qui l\u2019affecte, a plaid\u00e9 jeudi le Secr\u00e9taire g\u00e9n\u00e9ral de l\u2019ONU, Ant\u00f3nio Guterres. \u00ab Il y a urgence. L&#8217;ins\u00e9curit\u00e9 et l&#8217;instabilit\u00e9 politique au Sahel continuent d&#8217;aggraver une situation humanitaire d\u00e9j\u00e0 catastrophique. &hellip;<\/p>\n","protected":false},"author":2,"featured_media":2101,"comment_status":"open","ping_status":"open","sticky":false,"template":"","format":"standard","meta":{"footnotes":""},"categories":[18,28],"tags":[],"class_list":["post-2100","post","type-post","status-publish","format-standard","has-post-thumbnail","hentry","category-actualites","category-sahel"],"_links":{"self":[{"href":"https:\/\/ladepeche.mr\/index.php?rest_route=\/wp\/v2\/posts\/2100","targetHints":{"allow":["GET"]}}],"collection":[{"href":"https:\/\/ladepeche.mr\/index.php?rest_route=\/wp\/v2\/posts"}],"about":[{"href":"https:\/\/ladepeche.mr\/index.php?rest_route=\/wp\/v2\/types\/post"}],"author":[{"embeddable":true,"href":"https:\/\/ladepeche.mr\/index.php?rest_route=\/wp\/v2\/users\/2"}],"replies":[{"embeddable":true,"href":"https:\/\/ladepeche.mr\/index.php?rest_route=%2Fwp%2Fv2%2Fcomments&post=2100"}],"version-history":[{"count":1,"href":"https:\/\/ladepeche.mr\/index.php?rest_route=\/wp\/v2\/posts\/2100\/revisions"}],"predecessor-version":[{"id":2102,"href":"https:\/\/ladepeche.mr\/index.php?rest_route=\/wp\/v2\/posts\/2100\/revisions\/2102"}],"wp:featuredmedia":[{"embeddable":true,"href":"https:\/\/ladepeche.mr\/index.php?rest_route=\/wp\/v2\/media\/2101"}],"wp:attachment":[{"href":"https:\/\/ladepeche.mr\/index.php?rest_route=%2Fwp%2Fv2%2Fmedia&parent=2100"}],"wp:term":[{"taxonomy":"category","embeddable":true,"href":"https:\/\/ladepeche.mr\/index.php?rest_route=%2Fwp%2Fv2%2Fcategories&post=2100"},{"taxonomy":"post_tag","embeddable":true,"href":"https:\/\/ladepeche.mr\/index.php?rest_route=%2Fwp%2Fv2%2Ftags&post=2100"}],"curies":[{"name":"wp","href":"https:\/\/api.w.org\/{rel}","templated":true}]}}