{"id":2103,"date":"2022-09-27T14:50:20","date_gmt":"2022-09-27T14:50:20","guid":{"rendered":"https:\/\/ladepeche.mr\/?p=2103"},"modified":"2022-09-27T14:50:20","modified_gmt":"2022-09-27T14:50:20","slug":"mauritanie-la-fievre-de-la-vallee-du-rift-fait-12-morts","status":"publish","type":"post","link":"https:\/\/ladepeche.mr\/?p=2103","title":{"rendered":"Mauritanie : la fi\u00e8vre de la Vall\u00e9e du Rift fait 12 morts"},"content":{"rendered":"<p>Le minist\u00e8re mauritanien de la Sant\u00e9 a annonc\u00e9 sur Facebook un bilan provisoire de 12 d\u00e9c\u00e8s dus \u00e0 la fi\u00e8vre de la vall\u00e9e du Rift sur 22 nouveaux cas r\u00e9cemment enregistr\u00e9s sur l&#8217;ensemble du territoire national. Ces nouveaux cas ont \u00e9t\u00e9 d\u00e9tect\u00e9s apr\u00e8s la r\u00e9alisation de 112 tests, ce dimanche 25 septembre.<br \/>\nAlakhbar<\/p>\n","protected":false},"excerpt":{"rendered":"<p>Le minist\u00e8re mauritanien de la Sant\u00e9 a annonc\u00e9 sur Facebook un bilan provisoire de 12 d\u00e9c\u00e8s dus \u00e0 la fi\u00e8vre de la vall\u00e9e du Rift sur 22 nouveaux cas r\u00e9cemment enregistr\u00e9s sur l&#8217;ensemble du territoire national. Ces nouveaux cas ont \u00e9t\u00e9 d\u00e9tect\u00e9s apr\u00e8s la r\u00e9alisation de 112 tests, ce dimanche 25 septembre. Alakhbar<\/p>\n","protected":false},"author":2,"featured_media":2104,"comment_status":"open","ping_status":"open","sticky":false,"template":"","format":"standard","meta":{"footnotes":""},"categories":[27],"tags":[],"class_list":["post-2103","post","type-post","status-publish","format-standard","has-post-thumbnail","hentry","category-sante"],"_links":{"self":[{"href":"https:\/\/ladepeche.mr\/index.php?rest_route=\/wp\/v2\/posts\/2103","targetHints":{"allow":["GET"]}}],"collection":[{"href":"https:\/\/ladepeche.mr\/index.php?rest_route=\/wp\/v2\/posts"}],"about":[{"href":"https:\/\/ladepeche.mr\/index.php?rest_route=\/wp\/v2\/types\/post"}],"author":[{"embeddable":true,"href":"https:\/\/ladepeche.mr\/index.php?rest_route=\/wp\/v2\/users\/2"}],"replies":[{"embeddable":true,"href":"https:\/\/ladepeche.mr\/index.php?rest_route=%2Fwp%2Fv2%2Fcomments&post=2103"}],"version-history":[{"count":1,"href":"https:\/\/ladepeche.mr\/index.php?rest_route=\/wp\/v2\/posts\/2103\/revisions"}],"predecessor-version":[{"id":2105,"href":"https:\/\/ladepeche.mr\/index.php?rest_route=\/wp\/v2\/posts\/2103\/revisions\/2105"}],"wp:featuredmedia":[{"embeddable":true,"href":"https:\/\/ladepeche.mr\/index.php?rest_route=\/wp\/v2\/media\/2104"}],"wp:attachment":[{"href":"https:\/\/ladepeche.mr\/index.php?rest_route=%2Fwp%2Fv2%2Fmedia&parent=2103"}],"wp:term":[{"taxonomy":"category","embeddable":true,"href":"https:\/\/ladepeche.mr\/index.php?rest_route=%2Fwp%2Fv2%2Fcategories&post=2103"},{"taxonomy":"post_tag","embeddable":true,"href":"https:\/\/ladepeche.mr\/index.php?rest_route=%2Fwp%2Fv2%2Ftags&post=2103"}],"curies":[{"name":"wp","href":"https:\/\/api.w.org\/{rel}","templated":true}]}}