{"id":2137,"date":"2022-09-29T11:58:20","date_gmt":"2022-09-29T11:58:20","guid":{"rendered":"https:\/\/ladepeche.mr\/?p=2137"},"modified":"2022-09-29T11:58:20","modified_gmt":"2022-09-29T11:58:20","slug":"le-president-de-la-republique-supervise-la-journee-de-leducation","status":"publish","type":"post","link":"https:\/\/ladepeche.mr\/?p=2137","title":{"rendered":"Le pr\u00e9sident de la R\u00e9publique supervise la journ\u00e9e de l\u2019\u00e9ducation"},"content":{"rendered":"<p>Son Excellence le Pr\u00e9sident de la R\u00e9publique, M. Mohamed Ould Cheikh El Ghazouani, a supervis\u00e9 mercredi soir, au Centre international de conf\u00e9rences \u00ab El Mourabitoune \u00bb \u00e0 Nouakchott, l\u2019organisation de la Journ\u00e9e de l\u2019\u00e9ducation sous le th\u00e8me : \u00ab L\u2019\u00e9cole r\u00e9publicaine, un projet pour tous et par tous \u00bb. L\u2019organisation de cette journ\u00e9e, \u00e0 laquelle les sortants des \u00e9coles normales et de l\u2019\u00e9cole normale sup\u00e9rieure ont \u00e9t\u00e9 invit\u00e9s cette ann\u00e9e, est intervenue apr\u00e8s la prise d\u2019un certain nombre de mesures importantes qui sont de nature \u00e0 am\u00e9liorer la performance de notre syst\u00e8me \u00e9ducatif, dont l\u2019adoption de la loi d\u2019orientation du syst\u00e8me \u00e9ducatif qui marque le lancement effectif de l\u2019\u00e9cole r\u00e9publicaine.<\/p>\n<p>Ce rendez-vous, qui intervient avec la rentr\u00e9e scolaire, est l\u2019occasion de faire le bilan des r\u00e9alisations accomplies au cours des trois derni\u00e8res ann\u00e9es, et de mettre en lumi\u00e8re les mesures qui doivent \u00eatre prises afin d\u2019achever la r\u00e9forme \u00e9ducative souhait\u00e9e, dont l\u2019\u00e9cole r\u00e9publicaine est l\u2019un de ses principaux piliers.<\/p>\n<p>Le ministre de l\u2019\u00c9ducation Nationale et de la R\u00e9forme du Syst\u00e8me \u00c9ducatif, M. Brahim Vall Ould Mohamed Lemine, a expliqu\u00e9 que cette journ\u00e9e rev\u00eat une importance particuli\u00e8re, car elle offre l\u2019opportunit\u00e9 de partager la vision, les grandes orientations, les r\u00e9alisations et les perspectives d\u2019avenir propres \u00e0 jeter les bases de l\u2019\u00c9cole r\u00e9publicaine, esp\u00e9rant que ce soit une bonne occasion pour \u00e9changer sur ce projet pour lequel Son Excellence le Pr\u00e9sident de la R\u00e9publique, M. Mohamed Ould Cheikh El-Ghazouani, s\u2019est engag\u00e9 pour le bien de tous, et auquel chacun doit contribuer.<\/p>\n<p>Le ministre a pass\u00e9 en revue les r\u00e9alisations accomplies entre 2019 et aujourd\u2019hui dont l\u2019\u00e9largissement de l\u2019acc\u00e8s \u00e0 l\u2019enseignement, le rel\u00e8vement de la capacit\u00e9 d\u2019absorption des \u00e9tablissements par l\u2019appui de l\u2019\u00c9cole r\u00e9publicaine par 40 milliards d\u2019ouguiyas anciennes en d\u00e9pit de la conjoncture marqu\u00e9e par la pand\u00e9mie Covid- 19 en plus des infrastructures (construction de pr\u00e8s de 2000 salles de classe) en plus de la formation initiale des instituteurs dont les sortants cette ann\u00e9e ont prouv\u00e9 la qualit\u00e9.<\/p>\n<p>L\u2019ann\u00e9e derni\u00e8re a connu le lancement d\u2019un programme de formation continue dont 4000 enseignants ont profit\u00e9 d\u00e9j\u00e0. Ce programme sera g\u00e9n\u00e9ralis\u00e9. A cela s\u2019ajoute le rel\u00e8vement des b\u00e9n\u00e9ficiaires du programme national de nutrition scolaire \u00e0 quelque 190000 \u00e9l\u00e8ves dans douze wilayas. \u00bb.<\/p>\n<p>Par ailleurs, le budget du d\u00e9partement a augment\u00e9 de 18% en 2021, ce qui a permis de recruter quelque 6000 enseignant et de rehausser les indemnit\u00e9s des enseignants qui op\u00e8rent sur le terrain sans compter la cr\u00e9ation de nouveaux corps d\u2019enseignants et l\u2019int\u00e9gration progressive des prestataires de services en mati\u00e8re d\u2019enseignement. Cette ann\u00e9e, dit le ministre, connaitra le d\u00e9but de la concr\u00e9tisation effective du projet de l\u2019\u00c9cole r\u00e9publicaine par la g\u00e9n\u00e9ralisation de l\u2019uniforme scolaire au primaire pour commencer une nouvelle phase o\u00f9 les diff\u00e9rences entre les \u00e9l\u00e8ves seront gomm\u00e9es pour renforcer les valeurs de la R\u00e9publique et l\u2019unit\u00e9 nationale \u00e0 travers un certain nombre de mesures dont dont<\/p>\n<p>\u2013 Mise en \u0153uvre du projet de promotion des \u00e9tablissements d\u2019enseignement,<\/p>\n<p>\u2013 Lancement d\u2019un projet pour tester la nouvelle m\u00e9thode logique d\u2019apprentissage de la lecture et de l\u2019\u00e9criture aux d\u00e9butants,<\/p>\n<p>\u2013 Distribution de plus de trois millions de manuels scolaires,<\/p>\n<p>\u2013 raccordement du syst\u00e8me d\u2019information avec le syst\u00e8me national d\u2019\u00e9tat civil pour faciliter l\u2019\u00e9ducation,<\/p>\n<p>\u2013 G\u00e9n\u00e9ralisation de l\u2019uniforme scolaire afin de renforcer le patriotisme, gommer les diff\u00e9rences et am\u00e9liorer l\u2019environnement g\u00e9n\u00e9ral de l\u2019\u00c9cole ;<\/p>\n<p>\u2013 D\u00e9veloppement de l\u2019enseignement num\u00e9rique, devenu une n\u00e9cessit\u00e9 de l\u2019\u00e9poque, car permettant d\u2019accompagner l\u2019\u00e9volution et d\u2019assurer la continuit\u00e9 du service \u00e9ducatif lors des situations d\u2019urgence.<\/p>\n<p>Le ministre a pass\u00e9 en revue les r\u00e9alisations accomplies dans le domaine de l\u2019\u00e9ducation, toutes fili\u00e8res confondues.<\/p>\n<p>Quant \u00e0 la pr\u00e9sidente de la r\u00e9gion de Nouakchott, Mme Fatimetou Mint Abdelmalek, elle a expliqu\u00e9 que la pr\u00e9sence personnelle du Pr\u00e9sident de la R\u00e9publique \u00e0 cette journ\u00e9e \u201cPortes ouvertes\u201d sur l\u2019\u00e9ducation et son insistance \u00e0 rencontrer les dipl\u00f4m\u00e9s des \u00e9coles normales et les professeurs, t\u00e9moigne de l\u2019importance qu\u2019il attache \u00e0 l\u2019\u00e9ducation et l\u2019affirmation de sa conviction que la science est \u00e0 la base du d\u00e9veloppement de l\u2019individu, qu\u2019elle lib\u00e8re les esprits, d\u00e9veloppe les mentalit\u00e9s et construit une soci\u00e9t\u00e9 \u00e9mancip\u00e9e, tout en \u00e9tant la base du progr\u00e8s et de la prosp\u00e9rit\u00e9 de l\u2019humanit\u00e9.<\/p>\n<p>Elle a ajout\u00e9 que le pari du Pr\u00e9sident de la R\u00e9publique sur l\u2019\u00e9ducation pour le progr\u00e8s du pays s\u2019est manifest\u00e9 dans divers domaines \u00e0 travers le lancement de la feuille de route de la r\u00e9forme approuv\u00e9e par le gouvernement, et celui du processus de consultation nationale aux niveaux r\u00e9gional et national, consultation \u00e0 laquelle toutes les parties concern\u00e9es ont particip\u00e9, notant que la d\u00e9cision de recevoir tous les \u00e9l\u00e8ves de premi\u00e8re ann\u00e9e primaire dans les \u00e9coles publiques, est consid\u00e9r\u00e9e comme une \u00e9tape importante dans le cadre de la consolidation du concept de l\u2019\u00e9cole r\u00e9publicaine.<\/p>\n<p>Elle a indiqu\u00e9 que la r\u00e9gion de Nouakchott a \u00e9labor\u00e9 un plan de d\u00e9veloppement de la ville de Nouakchott qui englobe tous les aspects de la vie afin de mat\u00e9rialiser le \u201cProgramme Mes engagements\u201d, faisant de l\u2019\u00e9ducation l\u2019une des priorit\u00e9s de son plan de d\u00e9veloppement. Elle a ajout\u00e9 que la r\u00e9gion a fait plusieurs interventions dans ce cadre, notamment l\u2019organisation de plateformes d\u2019enseignement \u00e0 distance pour les \u00e9l\u00e8ves du baccalaur\u00e9at d\u2019une capacit\u00e9 de cinq mille (5000) participants,<\/p>\n<p>A son tour, le pr\u00e9sident de la F\u00e9d\u00e9ration Nationale des Associations de Parents d\u2019\u00c9l\u00e8ves et d\u2019\u00c9tudiants, M. Ahmed Ould Sghair, a indiqu\u00e9 que l\u2019attention port\u00e9e par Son Excellence le Pr\u00e9sident de la R\u00e9publique \u00e0 l\u2019\u00e9ducation, et les \u00e9tapes importantes qui ont suivi en mati\u00e8re de r\u00e9forme du syst\u00e8me \u00e9ducatif, ont pouss\u00e9 la F\u00e9d\u00e9ration \u00e0 organiser une grande manifestation nationale saluant ces d\u00e9marches, notant que les associations de parents d\u2019\u00e9l\u00e8ves sont soucieuses de mettre en \u0153uvre les acquis du dialogue national, mettre en \u0153uvre la loi-cadre et suivre le rythme de toutes les \u00e9tapes de la r\u00e9forme.<\/p>\n<p>Il a soulign\u00e9 que cette ann\u00e9e marque le lancement de la loi d\u2019orientation, qui r\u00e9unira tous les enfants mauritaniens sous un m\u00eame toit, et avec une approche unifi\u00e9e, offre des chances \u00e9gales pour tous, renforce la coh\u00e9sion nationale du pays et concr\u00e9tise le concept de l\u2019\u00c9cole r\u00e9publicaine.<\/p>\n<p>Le porte-parole des dipl\u00f4m\u00e9s, M. Khalihina Ould Boubacar, a quant \u00e0 lui pr\u00e9cis\u00e9 que la Journ\u00e9e de l\u2019\u00c9ducation est un nouvel \u00e9v\u00e9nement p\u00e9dagogique au cours duquel la famille \u00e9ducative, avec toutes ses composantes, rencontre Son Excellence le Pr\u00e9sident de la R\u00e9publique qui est l\u2019inspirateur de la construction du syst\u00e8me \u00e9ducatif et de la pr\u00e9paration des esprits et des comp\u00e9tences qui garantissent \u00e0 la soci\u00e9t\u00e9 de se d\u00e9barrasser de l\u2019ignorance, du retard et de la pauvret\u00e9 et de tendre vers le progr\u00e8s, l\u2019unit\u00e9 et la stabilit\u00e9.<\/p>\n<p>Les activit\u00e9s de cette journ\u00e9e se sont d\u00e9roul\u00e9es en pr\u00e9sence de la Premi\u00e8re Dame, Mariem Mint Dah, du Premier ministre, M. Mohamed Bilal Messoud, du pr\u00e9sident de l\u2019Assembl\u00e9e Nationale, M. Cheikh Ould Baya, du chef de file de l\u2019Opposition D\u00e9mocratique, du ministre secr\u00e9taire -g\u00e9n\u00e9ral de la Pr\u00e9sidence de la R\u00e9publique, du ministre conseiller \u00e0 la Pr\u00e9sidence de la R\u00e9publique, du pr\u00e9sident du Conseil Sup\u00e9rieur de l\u2019\u00c9ducation, et des membres du gouvernement, ainsi que de certains autres responsables, en plus du wali de Nouakchott Ouest, de la pr\u00e9sdente du conseil r\u00e9gional de la capitale, du maire de la municipalit\u00e9 Tevragh Zeina, et d\u2019un certain nombre de membres du corps diplomatique.<br \/>\nAmi<\/p>\n","protected":false},"excerpt":{"rendered":"<p>Son Excellence le Pr\u00e9sident de la R\u00e9publique, M. Mohamed Ould Cheikh El Ghazouani, a supervis\u00e9 mercredi soir, au Centre international de conf\u00e9rences \u00ab El Mourabitoune \u00bb \u00e0 Nouakchott, l\u2019organisation de la Journ\u00e9e de l\u2019\u00e9ducation sous le th\u00e8me : \u00ab L\u2019\u00e9cole r\u00e9publicaine, un projet pour tous et par tous \u00bb. L\u2019organisation de cette journ\u00e9e, \u00e0 laquelle &hellip;<\/p>\n","protected":false},"author":2,"featured_media":2138,"comment_status":"open","ping_status":"open","sticky":false,"template":"","format":"standard","meta":{"footnotes":""},"categories":[18],"tags":[],"class_list":["post-2137","post","type-post","status-publish","format-standard","has-post-thumbnail","hentry","category-actualites"],"_links":{"self":[{"href":"https:\/\/ladepeche.mr\/index.php?rest_route=\/wp\/v2\/posts\/2137","targetHints":{"allow":["GET"]}}],"collection":[{"href":"https:\/\/ladepeche.mr\/index.php?rest_route=\/wp\/v2\/posts"}],"about":[{"href":"https:\/\/ladepeche.mr\/index.php?rest_route=\/wp\/v2\/types\/post"}],"author":[{"embeddable":true,"href":"https:\/\/ladepeche.mr\/index.php?rest_route=\/wp\/v2\/users\/2"}],"replies":[{"embeddable":true,"href":"https:\/\/ladepeche.mr\/index.php?rest_route=%2Fwp%2Fv2%2Fcomments&post=2137"}],"version-history":[{"count":1,"href":"https:\/\/ladepeche.mr\/index.php?rest_route=\/wp\/v2\/posts\/2137\/revisions"}],"predecessor-version":[{"id":2139,"href":"https:\/\/ladepeche.mr\/index.php?rest_route=\/wp\/v2\/posts\/2137\/revisions\/2139"}],"wp:featuredmedia":[{"embeddable":true,"href":"https:\/\/ladepeche.mr\/index.php?rest_route=\/wp\/v2\/media\/2138"}],"wp:attachment":[{"href":"https:\/\/ladepeche.mr\/index.php?rest_route=%2Fwp%2Fv2%2Fmedia&parent=2137"}],"wp:term":[{"taxonomy":"category","embeddable":true,"href":"https:\/\/ladepeche.mr\/index.php?rest_route=%2Fwp%2Fv2%2Fcategories&post=2137"},{"taxonomy":"post_tag","embeddable":true,"href":"https:\/\/ladepeche.mr\/index.php?rest_route=%2Fwp%2Fv2%2Ftags&post=2137"}],"curies":[{"name":"wp","href":"https:\/\/api.w.org\/{rel}","templated":true}]}}