{"id":21542,"date":"2026-04-26T12:44:11","date_gmt":"2026-04-26T12:44:11","guid":{"rendered":"https:\/\/ladepeche.mr\/?p=21542"},"modified":"2026-04-26T12:44:11","modified_gmt":"2026-04-26T12:44:11","slug":"le-mali-a-un-tournant-delicat-equilibres-internes-et-repercussions-regionales","status":"publish","type":"post","link":"https:\/\/ladepeche.mr\/?p=21542","title":{"rendered":"Le Mali \u00e0 un tournant d\u00e9licat : \u00e9quilibres internes et r\u00e9percussions r\u00e9gionales."},"content":{"rendered":"<p>Le Mali conna\u00eet, depuis les premi\u00e8res heures de samedi matin, des \u00e9volutions internes rapides qui traduisent la complexit\u00e9 croissante de sa sc\u00e8ne politique et s\u00e9curitaire. Les \u00e9v\u00e9nements survenus \u00e0 ce moment \u2014 quelle que soit la lecture qu\u2019on en fait, entre simples mouvements s\u00e9curitaires circonscrits ou signes d\u2019une tension plus profonde au sein de l\u2019appareil de l\u2019\u00c9tat \u2014 confirment que la transition reste soumise \u00e0 des \u00e9preuves d\u00e9cisives, notamment en mati\u00e8re de consolidation de la stabilit\u00e9 et de gestion des \u00e9quilibres internes.<\/p>\n<p>Dans un d\u00e9veloppement marquant, l\u2019attaque men\u00e9e samedi matin contre la ville de Kidal, dans le nord du Mali, r\u00e9v\u00e8le un niveau in\u00e9dit de coordination entre les mouvements azawadiens et les groupes islamistes arm\u00e9s. Cette op\u00e9ration s\u2019est d\u00e9roul\u00e9e en parall\u00e8le d\u2019attaques visant des zones de la capitale Bamako ainsi que la ville de Mopti. Une telle synchronisation, tant dans le timing que dans la nature des cibles, laisse entrevoir une convergence d\u2019int\u00e9r\u00eats sur le terrain, voire une coordination circonstancielle visant \u00e0 disperser les capacit\u00e9s de l\u2019\u00c9tat et \u00e0 d\u00e9sorganiser ses dispositifs s\u00e9curitaires par l\u2019ouverture de fronts multiples. Elle t\u00e9moigne \u00e9galement d\u2019une \u00e9volution qualitative des modes op\u00e9ratoires de ces acteurs, passant d\u2019actions isol\u00e9es \u00e0 des op\u00e9rations simultan\u00e9es plus complexes, ce qui rend la situation plus difficile \u00e0 contenir et pose des d\u00e9fis accrus aux autorit\u00e9s maliennes dans leurs efforts pour r\u00e9tablir le contr\u00f4le et assurer la stabilit\u00e9.<\/p>\n<p>Ces d\u00e9veloppements s\u2019inscrivent dans un contexte plus large que traverse le Mali depuis plusieurs ann\u00e9es, marqu\u00e9 par l\u2019imbrication des d\u00e9fis s\u00e9curitaires avec les enjeux de gouvernance et de transition politique. La place pr\u00e9pond\u00e9rante de l\u2019institution militaire dans la gestion des affaires publiques, conjugu\u00e9e \u00e0 un relatif effacement des institutions civiles, accentue la complexit\u00e9 du paysage. \u00c0 cela s\u2019ajoutent la persistance des menaces dans le nord et le centre, ainsi que les pressions r\u00e9gionales et internationales li\u00e9es \u00e0 la lutte contre le terrorisme et \u00e0 la reconstruction de l\u2019\u00c9tat.<\/p>\n<p>Dans ce cadre, les \u00e9v\u00e9nements de samedi matin doivent \u00eatre compris non comme un fait isol\u00e9, mais comme un \u00e9pisode s\u2019inscrivant dans une dynamique continue de tensions r\u00e9v\u00e9lant la fragilit\u00e9 des \u00e9quilibres internes. Toute perturbation au sein de la cha\u00eene d\u00e9cisionnelle ou de la coh\u00e9sion des appareils souverains ouvre la voie \u00e0 des sc\u00e9narios vari\u00e9s, allant d\u2019un simple r\u00e9ajustement des centres de pouvoir \u00e0 une extension de l\u2019incertitude politique et s\u00e9curitaire.<\/p>\n<p>Pour la Mauritanie, la stabilit\u00e9 du Mali ne constitue pas un simple enjeu ext\u00e9rieur, mais bien une extension directe de sa s\u00e9curit\u00e9 nationale. La longueur de la fronti\u00e8re commune, la mobilit\u00e9 des populations et l\u2019intensit\u00e9 des interactions sociales et \u00e9conomiques font que toute instabilit\u00e9 au Mali se r\u00e9percute rapidement sur l\u2019espace mauritanien. D\u00e8s lors, l\u2019int\u00e9r\u00eat strat\u00e9gique de la Mauritanie r\u00e9side dans le soutien \u00e0 tout ce qui peut renforcer la stabilit\u00e9 de l\u2019\u00c9tat malien, tout en veillant \u00e0 ne pas s\u2019immiscer dans les affaires internes d\u2019un \u00c9tat souverain.<\/p>\n<p>L\u2019approche mauritanienne, traditionnellement fond\u00e9e sur une neutralit\u00e9 active, le soutien \u00e0 la stabilit\u00e9 et le refus des alignements tranch\u00e9s, appara\u00eet aujourd\u2019hui plus pertinente que jamais. Il ne s\u2019agit pas seulement de suivre les \u00e9volutions, mais aussi d\u2019en anticiper les cons\u00e9quences, qu\u2019il s\u2019agisse du renforcement de la vigilance s\u00e9curitaire aux fronti\u00e8res ou de l\u2019activation des canaux diplomatiques r\u00e9gionaux susceptibles de contribuer \u00e0 l\u2019apaisement des tensions.<\/p>\n<p>\u00c0 l\u2019\u00e9chelle r\u00e9gionale, ce qui se joue au Mali d\u00e9passe largement ses fronti\u00e8res et affecte l\u2019ensemble du Sahel et de l\u2019Afrique de l\u2019Ouest, notamment le Niger et le Burkina Faso. Ces pays font face \u00e0 des d\u00e9fis similaires en mati\u00e8re de s\u00e9curit\u00e9 et de transitions politiques, rendant toute \u00e9volution dans l\u2019un potentiellement r\u00e9percut\u00e9e sur les autres. La fragilit\u00e9 ambiante favorise par ailleurs l\u2019expansion des groupes arm\u00e9s et complique les efforts de coordination r\u00e9gionale en mati\u00e8re de s\u00e9curit\u00e9.<\/p>\n<p>Sur le plan \u00e9conomique, l\u2019instabilit\u00e9 entrave les \u00e9changes commerciaux, perturbe les circuits de transport et rench\u00e9rit le co\u00fbt des activit\u00e9s \u00e9conomiques dans la r\u00e9gion. Sur le plan social, toute d\u00e9gradation de la situation pourrait entra\u00eener de nouveaux flux de populations, exer\u00e7ant une pression accrue sur les ressources d\u00e9j\u00e0 limit\u00e9es des pays voisins.<\/p>\n<p>En d\u00e9finitive, les \u00e9v\u00e9nements de samedi matin au Mali rappellent une r\u00e9alit\u00e9 fondamentale : la stabilit\u00e9 de ce pays n\u2019est plus une affaire strictement interne, mais un pilier de l\u2019\u00e9quilibre r\u00e9gional. Entre la n\u00e9cessit\u00e9 de soutenir cette stabilit\u00e9 et l\u2019exigence de respecter la souverainet\u00e9 nationale, l\u2019\u00e9quation demeure d\u00e9licate et requiert une grande lucidit\u00e9 politique.<\/p>\n<p>La question reste ouverte : les autorit\u00e9s maliennes sauront-elles transformer ce moment critique en opportunit\u00e9 de r\u00e9ajustement et de consolidation, ou la r\u00e9gion s\u2019achemine-t-elle vers une nouvelle phase d\u2019incertitude aux r\u00e9percussions \u00e9largies?<\/p>\n<p>Par Ahmed Mohamed Hamada<br \/>\n\u00c9crivain et analyste politique<\/p>\n","protected":false},"excerpt":{"rendered":"<p>Le Mali conna\u00eet, depuis les premi\u00e8res heures de samedi matin, des \u00e9volutions internes rapides qui traduisent la complexit\u00e9 croissante de sa sc\u00e8ne politique et s\u00e9curitaire. Les \u00e9v\u00e9nements survenus \u00e0 ce moment \u2014 quelle que soit la lecture qu\u2019on en fait, entre simples mouvements s\u00e9curitaires circonscrits ou signes d\u2019une tension plus profonde au sein de l\u2019appareil &hellip;<\/p>\n","protected":false},"author":2,"featured_media":21400,"comment_status":"open","ping_status":"open","sticky":false,"template":"","format":"standard","meta":{"footnotes":""},"categories":[18,29,19],"tags":[],"class_list":["post-21542","post","type-post","status-publish","format-standard","has-post-thumbnail","hentry","category-actualites","category-monde","category-tribune"],"_links":{"self":[{"href":"https:\/\/ladepeche.mr\/index.php?rest_route=\/wp\/v2\/posts\/21542","targetHints":{"allow":["GET"]}}],"collection":[{"href":"https:\/\/ladepeche.mr\/index.php?rest_route=\/wp\/v2\/posts"}],"about":[{"href":"https:\/\/ladepeche.mr\/index.php?rest_route=\/wp\/v2\/types\/post"}],"author":[{"embeddable":true,"href":"https:\/\/ladepeche.mr\/index.php?rest_route=\/wp\/v2\/users\/2"}],"replies":[{"embeddable":true,"href":"https:\/\/ladepeche.mr\/index.php?rest_route=%2Fwp%2Fv2%2Fcomments&post=21542"}],"version-history":[{"count":1,"href":"https:\/\/ladepeche.mr\/index.php?rest_route=\/wp\/v2\/posts\/21542\/revisions"}],"predecessor-version":[{"id":21543,"href":"https:\/\/ladepeche.mr\/index.php?rest_route=\/wp\/v2\/posts\/21542\/revisions\/21543"}],"wp:featuredmedia":[{"embeddable":true,"href":"https:\/\/ladepeche.mr\/index.php?rest_route=\/wp\/v2\/media\/21400"}],"wp:attachment":[{"href":"https:\/\/ladepeche.mr\/index.php?rest_route=%2Fwp%2Fv2%2Fmedia&parent=21542"}],"wp:term":[{"taxonomy":"category","embeddable":true,"href":"https:\/\/ladepeche.mr\/index.php?rest_route=%2Fwp%2Fv2%2Fcategories&post=21542"},{"taxonomy":"post_tag","embeddable":true,"href":"https:\/\/ladepeche.mr\/index.php?rest_route=%2Fwp%2Fv2%2Ftags&post=21542"}],"curies":[{"name":"wp","href":"https:\/\/api.w.org\/{rel}","templated":true}]}}