{"id":21544,"date":"2026-04-26T12:47:39","date_gmt":"2026-04-26T12:47:39","guid":{"rendered":"https:\/\/ladepeche.mr\/?p=21544"},"modified":"2026-04-26T12:47:39","modified_gmt":"2026-04-26T12:47:39","slug":"le-president-de-la-republique-se-rend-a-abou-dhabi-en-visite-aux-emirats-arabes-unis-freres","status":"publish","type":"post","link":"https:\/\/ladepeche.mr\/?p=21544","title":{"rendered":"Le Pr\u00e9sident de la R\u00e9publique se rend \u00e0 Abou Dhabi en visite aux \u00c9mirats arabes unis fr\u00e8res"},"content":{"rendered":"<p>Son Excellence le Pr\u00e9sident de la R\u00e9publique, M. Mohamed Ould Cheikh El Ghazouani, a quitt\u00e9 Nouakchott, dans la nuit de samedi \u00e0 dimanche, \u00e0 destination d\u2019Abou Dhabi, pour une visite aux \u00c9mirats arabes unis fr\u00e8res.<br \/>\nLe Pr\u00e9sident de la R\u00e9publique a \u00e9t\u00e9 salu\u00e9, \u00e0 son d\u00e9part de l\u2019a\u00e9roport international de Nouakchott Oumtounsy, par le Premier ministre, M. El Moctar Ould Diay, le ministre secr\u00e9taire g\u00e9n\u00e9ral de la Pr\u00e9sidence de la R\u00e9publique, M. Moulaye Ould Mohamed Laghdaf, les ministres conseillers \u00e0 la Pr\u00e9sidence de la R\u00e9publique, M. Mohamed Mahmoud Ould Cheikh Abdallahi Ben Boya et Mme Aissata Ba Yahya, le ministre de la Justice, M. Mohamed Ould Soueidatt, le ministre de la D\u00e9fense, des Affaires des retrait\u00e9s et des enfants de martyrs, M. Hanena Ould Sidi, le ministre de l\u2019Int\u00e9rieur, de la D\u00e9centralisation et du D\u00e9veloppement local, M. Mohamed Ahmed Ould Mohamed Lemine, le Chef d\u2019\u00e9tat-major particulier du Pr\u00e9sident de la R\u00e9publique, le g\u00e9n\u00e9ral de division Mohamed Mokhtar Cheikh Menni, le wali de Nouakchott Ouest, M. Hamoud Ould M\u2019Hamed, et la pr\u00e9sidente de la R\u00e9gion de Nouakchott, Mme Fatimetou Mint Abdel Malick.<br \/>\nLe Pr\u00e9sident de la R\u00e9publique est accompagn\u00e9 d\u2019une importante d\u00e9l\u00e9gation comprenant notamment :<br \/>\n\u2013 M. Nani Ould Chrougha, ministre charg\u00e9 du Cabinet du Pr\u00e9sident de la R\u00e9publique ;<br \/>\n\u2013 M. Ahmed Ould Bah, dit Hmeida, conseiller \u00e0 la Pr\u00e9sidence de la R\u00e9publique ;<br \/>\n\u2013 M. El Hassan Ould Ahmed, directeur g\u00e9n\u00e9ral du Protocole d\u2019\u00c9tat.<br \/>\nAmi<\/p>\n","protected":false},"excerpt":{"rendered":"<p>Son Excellence le Pr\u00e9sident de la R\u00e9publique, M. Mohamed Ould Cheikh El Ghazouani, a quitt\u00e9 Nouakchott, dans la nuit de samedi \u00e0 dimanche, \u00e0 destination d\u2019Abou Dhabi, pour une visite aux \u00c9mirats arabes unis fr\u00e8res. Le Pr\u00e9sident de la R\u00e9publique a \u00e9t\u00e9 salu\u00e9, \u00e0 son d\u00e9part de l\u2019a\u00e9roport international de Nouakchott Oumtounsy, par le Premier &hellip;<\/p>\n","protected":false},"author":2,"featured_media":21545,"comment_status":"open","ping_status":"open","sticky":false,"template":"","format":"standard","meta":{"footnotes":""},"categories":[18,29],"tags":[],"class_list":["post-21544","post","type-post","status-publish","format-standard","has-post-thumbnail","hentry","category-actualites","category-monde"],"_links":{"self":[{"href":"https:\/\/ladepeche.mr\/index.php?rest_route=\/wp\/v2\/posts\/21544","targetHints":{"allow":["GET"]}}],"collection":[{"href":"https:\/\/ladepeche.mr\/index.php?rest_route=\/wp\/v2\/posts"}],"about":[{"href":"https:\/\/ladepeche.mr\/index.php?rest_route=\/wp\/v2\/types\/post"}],"author":[{"embeddable":true,"href":"https:\/\/ladepeche.mr\/index.php?rest_route=\/wp\/v2\/users\/2"}],"replies":[{"embeddable":true,"href":"https:\/\/ladepeche.mr\/index.php?rest_route=%2Fwp%2Fv2%2Fcomments&post=21544"}],"version-history":[{"count":1,"href":"https:\/\/ladepeche.mr\/index.php?rest_route=\/wp\/v2\/posts\/21544\/revisions"}],"predecessor-version":[{"id":21546,"href":"https:\/\/ladepeche.mr\/index.php?rest_route=\/wp\/v2\/posts\/21544\/revisions\/21546"}],"wp:featuredmedia":[{"embeddable":true,"href":"https:\/\/ladepeche.mr\/index.php?rest_route=\/wp\/v2\/media\/21545"}],"wp:attachment":[{"href":"https:\/\/ladepeche.mr\/index.php?rest_route=%2Fwp%2Fv2%2Fmedia&parent=21544"}],"wp:term":[{"taxonomy":"category","embeddable":true,"href":"https:\/\/ladepeche.mr\/index.php?rest_route=%2Fwp%2Fv2%2Fcategories&post=21544"},{"taxonomy":"post_tag","embeddable":true,"href":"https:\/\/ladepeche.mr\/index.php?rest_route=%2Fwp%2Fv2%2Ftags&post=21544"}],"curies":[{"name":"wp","href":"https:\/\/api.w.org\/{rel}","templated":true}]}}