{"id":21550,"date":"2026-04-26T13:01:57","date_gmt":"2026-04-26T13:01:57","guid":{"rendered":"https:\/\/ladepeche.mr\/?p=21550"},"modified":"2026-04-26T13:01:57","modified_gmt":"2026-04-26T13:01:57","slug":"expo-mauritanie-2026-le-role-du-president-ghazouani-salue-par-le-patronat","status":"publish","type":"post","link":"https:\/\/ladepeche.mr\/?p=21550","title":{"rendered":"\u00ab Expo Mauritanie 2026 \u00bb : le r\u00f4le du pr\u00e9sident Ghazouani salu\u00e9 par le patronat"},"content":{"rendered":"<p>\u00c0 l\u2019occasion d\u2019\u00ab Expo Mauritanie 2026 \u00bb, plusieurs accords majeurs ont \u00e9t\u00e9 conclus entre des banques nationales et des entreprises sp\u00e9cialis\u00e9es dans les \u00e9nergies propres, tandis que des partenariats ont \u00e9t\u00e9 sign\u00e9s entre neuf f\u00e9d\u00e9rations professionnelles et l\u2019Agence nationale pour l\u2019emploi (Tachghil) afin de faciliter l\u2019insertion des jeunes et adapter la formation aux besoins du march\u00e9.<\/p>\n<p>Ces conventions couvrent des secteurs cl\u00e9s tels que le commerce, la p\u00eache, l\u2019industrie, les mines et l\u2019\u00e9nergie, l\u2019agriculture, le BTP, le tourisme, les services, les institutions financi\u00e8res et la boulangerie. Elles visent notamment \u00e0 anticiper les besoins en ressources humaines et \u00e0 renforcer les dispositifs de formation professionnelle.<\/p>\n<p>Par ailleurs, le secteur priv\u00e9 a mis en avant son r\u00f4le croissant dans l\u2019\u00e9conomie nationale, illustr\u00e9 par sa participation au financement de trois centrales \u00e9lectriques \u00e0 Nouakchott, Banda et Ndiago, pour un montant global avoisinant 1,5 milliard de dollars, avec pour objectif d\u2019am\u00e9liorer l\u2019offre \u00e9nerg\u00e9tique et de r\u00e9duire les co\u00fbts pour l\u2019industrie.<\/p>\n<p>Lors d\u2019un d\u00eener de gala organis\u00e9 samedi soir \u00e0 Nouakchott, le pr\u00e9sident de l\u2019Union nationale du Patronat mauritanien (UNPM), Mohamed Zein El Abidine Cheikh Ahmed, a salu\u00e9 le succ\u00e8s de l\u2019exposition et le soutien constant des autorit\u00e9s au secteur priv\u00e9, appel\u00e9 \u00e0 jouer un r\u00f4le central dans l\u2019investissement et la croissance.<\/p>\n<p>Au cours de la c\u00e9r\u00e9monie, l\u2019\u00e9cusson de l\u2019Union a \u00e9t\u00e9 remis au Pr\u00e9sident de la R\u00e9publique, Mohamed Ould Cheikh El Ghazouani, repr\u00e9sent\u00e9 par le ministre de l\u2019Industrie et des Mines, Dy Ould Zein, qui a exprim\u00e9 sa reconnaissance pour cet hommage, le qualifiant de marque de confiance envers la politique \u00e9conomique ax\u00e9e sur la promotion du secteur priv\u00e9.<\/p>\n<p>Organis\u00e9 en marge d\u2019\u00ab Expo Mauritanie 2026 \u00bb, ce d\u00eener de gala a r\u00e9uni les participants \u00e0 l\u2019\u00e9v\u00e9nement dans un contexte marqu\u00e9 par une volont\u00e9 affirm\u00e9e de renforcer la transformation \u00e9conomique du pays et de cr\u00e9er davantage d\u2019opportunit\u00e9s d\u2019emploi.<br \/>\n(avec Ami)<\/p>\n","protected":false},"excerpt":{"rendered":"<p>\u00c0 l\u2019occasion d\u2019\u00ab Expo Mauritanie 2026 \u00bb, plusieurs accords majeurs ont \u00e9t\u00e9 conclus entre des banques nationales et des entreprises sp\u00e9cialis\u00e9es dans les \u00e9nergies propres, tandis que des partenariats ont \u00e9t\u00e9 sign\u00e9s entre neuf f\u00e9d\u00e9rations professionnelles et l\u2019Agence nationale pour l\u2019emploi (Tachghil) afin de faciliter l\u2019insertion des jeunes et adapter la formation aux besoins du &hellip;<\/p>\n","protected":false},"author":2,"featured_media":21551,"comment_status":"open","ping_status":"open","sticky":false,"template":"","format":"standard","meta":{"footnotes":""},"categories":[18,2],"tags":[],"class_list":["post-21550","post","type-post","status-publish","format-standard","has-post-thumbnail","hentry","category-actualites","category-economie"],"_links":{"self":[{"href":"https:\/\/ladepeche.mr\/index.php?rest_route=\/wp\/v2\/posts\/21550","targetHints":{"allow":["GET"]}}],"collection":[{"href":"https:\/\/ladepeche.mr\/index.php?rest_route=\/wp\/v2\/posts"}],"about":[{"href":"https:\/\/ladepeche.mr\/index.php?rest_route=\/wp\/v2\/types\/post"}],"author":[{"embeddable":true,"href":"https:\/\/ladepeche.mr\/index.php?rest_route=\/wp\/v2\/users\/2"}],"replies":[{"embeddable":true,"href":"https:\/\/ladepeche.mr\/index.php?rest_route=%2Fwp%2Fv2%2Fcomments&post=21550"}],"version-history":[{"count":1,"href":"https:\/\/ladepeche.mr\/index.php?rest_route=\/wp\/v2\/posts\/21550\/revisions"}],"predecessor-version":[{"id":21552,"href":"https:\/\/ladepeche.mr\/index.php?rest_route=\/wp\/v2\/posts\/21550\/revisions\/21552"}],"wp:featuredmedia":[{"embeddable":true,"href":"https:\/\/ladepeche.mr\/index.php?rest_route=\/wp\/v2\/media\/21551"}],"wp:attachment":[{"href":"https:\/\/ladepeche.mr\/index.php?rest_route=%2Fwp%2Fv2%2Fmedia&parent=21550"}],"wp:term":[{"taxonomy":"category","embeddable":true,"href":"https:\/\/ladepeche.mr\/index.php?rest_route=%2Fwp%2Fv2%2Fcategories&post=21550"},{"taxonomy":"post_tag","embeddable":true,"href":"https:\/\/ladepeche.mr\/index.php?rest_route=%2Fwp%2Fv2%2Ftags&post=21550"}],"curies":[{"name":"wp","href":"https:\/\/api.w.org\/{rel}","templated":true}]}}