{"id":21558,"date":"2026-04-27T11:37:19","date_gmt":"2026-04-27T11:37:19","guid":{"rendered":"https:\/\/ladepeche.mr\/?p=21558"},"modified":"2026-04-27T11:37:19","modified_gmt":"2026-04-27T11:37:19","slug":"le-president-de-la-republique-se-rend-a-medine-en-arabie-saoudite","status":"publish","type":"post","link":"https:\/\/ladepeche.mr\/?p=21558","title":{"rendered":"Le pr\u00e9sident de la R\u00e9publique se rend \u00e0 M\u00e9dine en Arabie Saoudite"},"content":{"rendered":"<p>Le pr\u00e9sident de la R\u00e9publique, Son Excellence Monsieur Mohamed Ould Cheikh El Ghazouani a quitt\u00e9 ce lundi matin Abou Dhabi (\u00c9mirats arabes unis) pour M\u00e9dine, en Arabie saoudite, afin d\u2019accomplir la Oumra, de saluer le Proph\u00e8te (PSL) et de pri\u00e8re dans la Rawda.<\/p>\n<p>Ami<\/p>\n","protected":false},"excerpt":{"rendered":"<p>Le pr\u00e9sident de la R\u00e9publique, Son Excellence Monsieur Mohamed Ould Cheikh El Ghazouani a quitt\u00e9 ce lundi matin Abou Dhabi (\u00c9mirats arabes unis) pour M\u00e9dine, en Arabie saoudite, afin d\u2019accomplir la Oumra, de saluer le Proph\u00e8te (PSL) et de pri\u00e8re dans la Rawda. Ami<\/p>\n","protected":false},"author":2,"featured_media":21559,"comment_status":"open","ping_status":"open","sticky":false,"template":"","format":"standard","meta":{"footnotes":""},"categories":[18,29],"tags":[],"class_list":["post-21558","post","type-post","status-publish","format-standard","has-post-thumbnail","hentry","category-actualites","category-monde"],"_links":{"self":[{"href":"https:\/\/ladepeche.mr\/index.php?rest_route=\/wp\/v2\/posts\/21558","targetHints":{"allow":["GET"]}}],"collection":[{"href":"https:\/\/ladepeche.mr\/index.php?rest_route=\/wp\/v2\/posts"}],"about":[{"href":"https:\/\/ladepeche.mr\/index.php?rest_route=\/wp\/v2\/types\/post"}],"author":[{"embeddable":true,"href":"https:\/\/ladepeche.mr\/index.php?rest_route=\/wp\/v2\/users\/2"}],"replies":[{"embeddable":true,"href":"https:\/\/ladepeche.mr\/index.php?rest_route=%2Fwp%2Fv2%2Fcomments&post=21558"}],"version-history":[{"count":1,"href":"https:\/\/ladepeche.mr\/index.php?rest_route=\/wp\/v2\/posts\/21558\/revisions"}],"predecessor-version":[{"id":21560,"href":"https:\/\/ladepeche.mr\/index.php?rest_route=\/wp\/v2\/posts\/21558\/revisions\/21560"}],"wp:featuredmedia":[{"embeddable":true,"href":"https:\/\/ladepeche.mr\/index.php?rest_route=\/wp\/v2\/media\/21559"}],"wp:attachment":[{"href":"https:\/\/ladepeche.mr\/index.php?rest_route=%2Fwp%2Fv2%2Fmedia&parent=21558"}],"wp:term":[{"taxonomy":"category","embeddable":true,"href":"https:\/\/ladepeche.mr\/index.php?rest_route=%2Fwp%2Fv2%2Fcategories&post=21558"},{"taxonomy":"post_tag","embeddable":true,"href":"https:\/\/ladepeche.mr\/index.php?rest_route=%2Fwp%2Fv2%2Ftags&post=21558"}],"curies":[{"name":"wp","href":"https:\/\/api.w.org\/{rel}","templated":true}]}}