{"id":21561,"date":"2026-04-27T11:43:05","date_gmt":"2026-04-27T11:43:05","guid":{"rendered":"https:\/\/ladepeche.mr\/?p=21561"},"modified":"2026-04-27T11:43:05","modified_gmt":"2026-04-27T11:43:05","slug":"attaques-coordonnees-au-mali-laes-denonce-un-complot-denvergure-et-affiche-sa-fermete","status":"publish","type":"post","link":"https:\/\/ladepeche.mr\/?p=21561","title":{"rendered":"Attaques coordonn\u00e9es au Mali : l&#8217;AES d\u00e9nonce un complot d\u2019envergure et affiche sa fermet\u00e9"},"content":{"rendered":"<p>La Conf\u00e9d\u00e9ration des \u00c9tats du Sahel a estim\u00e9 que les attaques arm\u00e9es coordonn\u00e9es men\u00e9es samedi \u00e0 l\u2019aube dans plusieurs villes du Mali rel\u00e8vent d\u2019\u00ab un complot dangereux \u00bb soutenu par des acteurs hostiles, tout en affirmant que leur objectif \u00e9tait d\u2019infliger de lourdes pertes aux forces de s\u00e9curit\u00e9 et de terroriser les civils.<\/p>\n<p>Dans un communiqu\u00e9 sign\u00e9 par son pr\u00e9sident de transition, le capitaine Ibrahim Traor\u00e9, l\u2019organisation souligne que le niveau de coordination, les cibles vis\u00e9es ainsi que les moyens humains et mat\u00e9riels engag\u00e9s indiquent une planification de longue date.<\/p>\n<p>La Conf\u00e9d\u00e9ration, qui regroupe le Mali, le Niger et le Burkina Faso, affirme toutefois que cette tentative de d\u00e9stabilisation a \u00e9t\u00e9 \u00ab d\u00e9jou\u00e9e \u00bb gr\u00e2ce \u00e0 la r\u00e9action \u00ab professionnelle, courageuse et ferme \u00bb des forces arm\u00e9es maliennes.<\/p>\n<p>Le texte, dat\u00e9 du 25 avril, condamne des actes \u00ab ignobles et barbares \u00bb et assure qu\u2019ils ne remettront pas en cause la d\u00e9termination des populations sah\u00e9liennes \u00e0 vivre \u00ab libres, en paix et dans la dignit\u00e9 \u00bb.<\/p>\n<p>Les attaques simultan\u00e9es ont vis\u00e9 Bamako et la localit\u00e9 voisine de Kati, ainsi que Mopti et S\u00e9var\u00e9 dans le centre du pays, et Gao et Kidal dans le nord. Elles ont \u00e9t\u00e9 revendiqu\u00e9es par le Groupe de soutien \u00e0 l\u2019islam et aux musulmans, alli\u00e9 au Front de lib\u00e9ration de l\u2019Azawad.<\/p>\n<p>Selon le gouvernement malien, le ministre de la D\u00e9fense, le g\u00e9n\u00e9ral Sadio Camara, a \u00e9t\u00e9 tu\u00e9 lors de l\u2019attaque men\u00e9e contre son domicile \u00e0 Kati.<\/p>\n<p>Le Mali est confront\u00e9 \u00e0 une ins\u00e9curit\u00e9 persistante depuis 2012, mais l\u2019ampleur et la simultan\u00e9it\u00e9 des attaques du week-end marquent une escalade in\u00e9dite depuis l\u2019arriv\u00e9e au pouvoir des militaires \u00e0 la suite du coup d\u2019\u00c9tat de 2020.<\/p>\n","protected":false},"excerpt":{"rendered":"<p>La Conf\u00e9d\u00e9ration des \u00c9tats du Sahel a estim\u00e9 que les attaques arm\u00e9es coordonn\u00e9es men\u00e9es samedi \u00e0 l\u2019aube dans plusieurs villes du Mali rel\u00e8vent d\u2019\u00ab un complot dangereux \u00bb soutenu par des acteurs hostiles, tout en affirmant que leur objectif \u00e9tait d\u2019infliger de lourdes pertes aux forces de s\u00e9curit\u00e9 et de terroriser les civils. Dans un &hellip;<\/p>\n","protected":false},"author":2,"featured_media":14329,"comment_status":"open","ping_status":"open","sticky":false,"template":"","format":"standard","meta":{"footnotes":""},"categories":[18,29,28],"tags":[],"class_list":["post-21561","post","type-post","status-publish","format-standard","has-post-thumbnail","hentry","category-actualites","category-monde","category-sahel"],"_links":{"self":[{"href":"https:\/\/ladepeche.mr\/index.php?rest_route=\/wp\/v2\/posts\/21561","targetHints":{"allow":["GET"]}}],"collection":[{"href":"https:\/\/ladepeche.mr\/index.php?rest_route=\/wp\/v2\/posts"}],"about":[{"href":"https:\/\/ladepeche.mr\/index.php?rest_route=\/wp\/v2\/types\/post"}],"author":[{"embeddable":true,"href":"https:\/\/ladepeche.mr\/index.php?rest_route=\/wp\/v2\/users\/2"}],"replies":[{"embeddable":true,"href":"https:\/\/ladepeche.mr\/index.php?rest_route=%2Fwp%2Fv2%2Fcomments&post=21561"}],"version-history":[{"count":1,"href":"https:\/\/ladepeche.mr\/index.php?rest_route=\/wp\/v2\/posts\/21561\/revisions"}],"predecessor-version":[{"id":21562,"href":"https:\/\/ladepeche.mr\/index.php?rest_route=\/wp\/v2\/posts\/21561\/revisions\/21562"}],"wp:featuredmedia":[{"embeddable":true,"href":"https:\/\/ladepeche.mr\/index.php?rest_route=\/wp\/v2\/media\/14329"}],"wp:attachment":[{"href":"https:\/\/ladepeche.mr\/index.php?rest_route=%2Fwp%2Fv2%2Fmedia&parent=21561"}],"wp:term":[{"taxonomy":"category","embeddable":true,"href":"https:\/\/ladepeche.mr\/index.php?rest_route=%2Fwp%2Fv2%2Fcategories&post=21561"},{"taxonomy":"post_tag","embeddable":true,"href":"https:\/\/ladepeche.mr\/index.php?rest_route=%2Fwp%2Fv2%2Ftags&post=21561"}],"curies":[{"name":"wp","href":"https:\/\/api.w.org\/{rel}","templated":true}]}}