{"id":21566,"date":"2026-04-28T10:40:23","date_gmt":"2026-04-28T10:40:23","guid":{"rendered":"https:\/\/ladepeche.mr\/?p=21566"},"modified":"2026-04-28T10:40:23","modified_gmt":"2026-04-28T10:40:23","slug":"hydrogene-vert-la-mauritanie-beneficie-du-premier-appui-de-la-bad-sur-le-continent-pour-lacceleration-energetique","status":"publish","type":"post","link":"https:\/\/ladepeche.mr\/?p=21566","title":{"rendered":"Hydrog\u00e8ne vert : la Mauritanie b\u00e9n\u00e9ficie du premier appui de la BAD sur le continent pour l\u2019acc\u00e9l\u00e9ration \u00e9nerg\u00e9tique"},"content":{"rendered":"<p>La Banque africaine de d\u00e9veloppement (BAD) renforce son appui \u00e0 la Mauritanie pour acc\u00e9l\u00e9rer sa transition vers l\u2019\u00e9nergie durable, \u00e0 travers le Catalyseur pour la transition \u00e9nerg\u00e9tique en Afrique et le Programme d\u2019assistance technique au secteur de l\u2019\u00e9nergie en Afrique (AESTAP), deux initiatives soutenues par le Fonds pour l\u2019\u00e9nergie durable en Afrique (SEFA), a officiellement annonc\u00e9 la Bad.<\/p>\n<p>Dans ce cadre, un atelier de validation de haut niveau s\u2019est tenu les 14 et 15 avril \u00e0 Nouakchott, consacr\u00e9 \u00e0 l\u2019examen et \u00e0 la finalisation des proc\u00e9dures d\u2019ench\u00e8res pour l\u2019hydrog\u00e8ne vert et ses d\u00e9riv\u00e9s a rappel\u00e9 l\u2019institution dans une communication sur le sujet. Une rencontre qui s\u2019inscrirait dans le programme de soutien de la BAD au d\u00e9veloppement du secteur de l\u2019hydrog\u00e8ne vert en Mauritanie, premi\u00e8re initiative d\u2019assistance technique de l\u2019institution d\u00e9di\u00e9e \u00e0 cette fili\u00e8re sur le continent.<\/p>\n<p>Selon Wale Shonibare, directeur au sein de la BAD, cit\u00e9 par l\u2019institution, la Mauritanie ambitionne de devenir un acteur majeur de l\u2019hydrog\u00e8ne vert en Afrique. L\u2019appui de l\u2019institution vise notamment \u00e0 poser les bases r\u00e9glementaires et institutionnelles n\u00e9cessaires pour attirer les investissements priv\u00e9s, soutenir la transformation industrielle et contribuer aux efforts mondiaux de d\u00e9carbonation.<\/p>\n<p>Lanc\u00e9 en avril 2025, le programme porte sur la conception d\u2019un cadre d\u2019ench\u00e8res adapt\u00e9, la mise en place d\u2019un dispositif juridique et r\u00e9glementaire sp\u00e9cifique, ainsi que l\u2019\u00e9laboration de documents standardis\u00e9s d\u2019appel d\u2019offres et d\u2019une feuille de route op\u00e9rationnelle. L\u2019objectif est de permettre au pays de concr\u00e9tiser des projets viables et financables.<\/p>\n<p>Les autorit\u00e9s mauritaniennes ont, de leur c\u00f4t\u00e9, r\u00e9affirm\u00e9 leur volont\u00e9 de mettre en place un cadre transparent et comp\u00e9titif pour attirer les investisseurs. Pour Taghiya Abdelrahman, responsable de l\u2019hydrog\u00e8ne \u00e0 faible teneur en carbone au minist\u00e8re de l\u2019\u00c9nergie et du P\u00e9trole, ce m\u00e9canisme d\u2019ench\u00e8res constitue un levier essentiel pour valoriser le potentiel national en \u00e9nergies renouvelables et g\u00e9n\u00e9rer croissance \u00e9conomique et emplois durables.<\/p>\n<p>(Source BAD)<\/p>\n<p>&nbsp;<\/p>\n<p>L\u2019atelier a \u00e9t\u00e9 pr\u00e9c\u00e9d\u00e9 de sessions de renforcement des capacit\u00e9s destin\u00e9es aux institutions publiques, ax\u00e9es notamment sur la conception des ench\u00e8res, la planification des infrastructures, la durabilit\u00e9 des syst\u00e8mes et la structuration financi\u00e8re des projets d\u2019hydrog\u00e8ne vert et de Power-to-X.<\/p>\n<p>&nbsp;<\/p>\n<p>Plus de 25 repr\u00e9sentants d\u2019institutions publiques ont pris part aux travaux, illustrant l\u2019engagement des autorit\u00e9s \u00e0 structurer un \u00e9cosyst\u00e8me coordonn\u00e9 autour de cette fili\u00e8re strat\u00e9gique.<\/p>\n<p>&nbsp;<\/p>\n<p>La Mauritanie vise une production annuelle de 12,5 millions de tonnes d\u2019hydrog\u00e8ne vert \u00e0 l\u2019horizon 2035 et fait partie de l\u2019Alliance africaine de l\u2019hydrog\u00e8ne vert, aux c\u00f4t\u00e9s de plusieurs pays du continent.<\/p>\n<p>&nbsp;<\/p>\n<p>Les conclusions de l\u2019atelier seront int\u00e9gr\u00e9es au cadre final des ench\u00e8res, \u00e9tape cl\u00e9 vers la mise en \u0153uvre de la strat\u00e9gie nationale d\u2019approvisionnement et le positionnement du pays comme march\u00e9 \u00e9mergent de l\u2019hydrog\u00e8ne vert en Afrique.<\/p>\n","protected":false},"excerpt":{"rendered":"<p>La Banque africaine de d\u00e9veloppement (BAD) renforce son appui \u00e0 la Mauritanie pour acc\u00e9l\u00e9rer sa transition vers l\u2019\u00e9nergie durable, \u00e0 travers le Catalyseur pour la transition \u00e9nerg\u00e9tique en Afrique et le Programme d\u2019assistance technique au secteur de l\u2019\u00e9nergie en Afrique (AESTAP), deux initiatives soutenues par le Fonds pour l\u2019\u00e9nergie durable en Afrique (SEFA), a officiellement &hellip;<\/p>\n","protected":false},"author":2,"featured_media":21567,"comment_status":"open","ping_status":"open","sticky":false,"template":"","format":"standard","meta":{"footnotes":""},"categories":[18,2],"tags":[],"class_list":["post-21566","post","type-post","status-publish","format-standard","has-post-thumbnail","hentry","category-actualites","category-economie"],"_links":{"self":[{"href":"https:\/\/ladepeche.mr\/index.php?rest_route=\/wp\/v2\/posts\/21566","targetHints":{"allow":["GET"]}}],"collection":[{"href":"https:\/\/ladepeche.mr\/index.php?rest_route=\/wp\/v2\/posts"}],"about":[{"href":"https:\/\/ladepeche.mr\/index.php?rest_route=\/wp\/v2\/types\/post"}],"author":[{"embeddable":true,"href":"https:\/\/ladepeche.mr\/index.php?rest_route=\/wp\/v2\/users\/2"}],"replies":[{"embeddable":true,"href":"https:\/\/ladepeche.mr\/index.php?rest_route=%2Fwp%2Fv2%2Fcomments&post=21566"}],"version-history":[{"count":1,"href":"https:\/\/ladepeche.mr\/index.php?rest_route=\/wp\/v2\/posts\/21566\/revisions"}],"predecessor-version":[{"id":21568,"href":"https:\/\/ladepeche.mr\/index.php?rest_route=\/wp\/v2\/posts\/21566\/revisions\/21568"}],"wp:featuredmedia":[{"embeddable":true,"href":"https:\/\/ladepeche.mr\/index.php?rest_route=\/wp\/v2\/media\/21567"}],"wp:attachment":[{"href":"https:\/\/ladepeche.mr\/index.php?rest_route=%2Fwp%2Fv2%2Fmedia&parent=21566"}],"wp:term":[{"taxonomy":"category","embeddable":true,"href":"https:\/\/ladepeche.mr\/index.php?rest_route=%2Fwp%2Fv2%2Fcategories&post=21566"},{"taxonomy":"post_tag","embeddable":true,"href":"https:\/\/ladepeche.mr\/index.php?rest_route=%2Fwp%2Fv2%2Ftags&post=21566"}],"curies":[{"name":"wp","href":"https:\/\/api.w.org\/{rel}","templated":true}]}}