{"id":21570,"date":"2026-04-28T10:54:36","date_gmt":"2026-04-28T10:54:36","guid":{"rendered":"https:\/\/ladepeche.mr\/?p=21570"},"modified":"2026-04-28T10:57:38","modified_gmt":"2026-04-28T10:57:38","slug":"le-ministere-de-leconomie-et-le-systeme-des-nations-unies-lancent-le-plan-de-travail-conjoint-2026-2027-en-mauritanie","status":"publish","type":"post","link":"https:\/\/ladepeche.mr\/?p=21570","title":{"rendered":"Le minist\u00e8re de l\u2019\u00c9conomie et le syst\u00e8me des Nations Unies lancent le plan de travail conjoint 2026-2027 en Mauritanie"},"content":{"rendered":"<p>Le secr\u00e9taire g\u00e9n\u00e9ral du minist\u00e8re des Affaires \u00e9conomiques et du D\u00e9veloppement, M. Yacoub Ould Ahmed Aicha, a pr\u00e9sid\u00e9, lundi apr\u00e8s-midi dans les locaux du minist\u00e8re, un atelier consacr\u00e9 \u00e0 la pr\u00e9sentation du rapport annuel des interventions des Nations Unies en Mauritanie pour l\u2019ann\u00e9e 2025, ainsi que du plan de travail conjoint pour la p\u00e9riode 2026-2027.<\/p>\n<p>Ce plan de travail conjoint 2026-2027 marque l&#8217;ultime \u00e9tape de mise en \u0153uvre du cadre de coop\u00e9ration 2024-2027, visant \u00e0 acc\u00e9l\u00e9rer l\u2019impact collectif du syst\u00e8me des Nations Unies en ad\u00e9quation avec les priorit\u00e9s nationales.<\/p>\n<p><img loading=\"lazy\" decoding=\"async\" class=\"alignright size-full wp-image-21572\" src=\"http:\/\/ladepeche.mr\/wp-content\/uploads\/2026\/04\/MAED1-e1777373659250.jpeg\" alt=\"\" width=\"400\" height=\"267\" \/><\/p>\n<p>Dans son allocution, le secr\u00e9taire g\u00e9n\u00e9ral a indiqu\u00e9 que le lancement du rapport annuel 2025 et du plan de travail conjoint 2026-2027 repr\u00e9sente une \u00e9tape importante dans le renforcement du partenariat entre la Mauritanie et le syst\u00e8me des Nations Unies, ainsi que dans le renouvellement de l\u2019engagement en faveur d\u2019un d\u00e9veloppement inclusif, durable et r\u00e9silient.<\/p>\n<p>Il a pr\u00e9cis\u00e9 que, malgr\u00e9 les d\u00e9fis auxquels est confront\u00e9e la r\u00e9gion du Sahel, la Mauritanie est parvenue, au cours de l\u2019ann\u00e9e 2025, \u00e0 pr\u00e9server sa stabilit\u00e9 et \u00e0 enregistrer des avanc\u00e9es notables dans les domaines de la croissance \u00e9conomique, de la protection sociale et du d\u00e9veloppement du capital humain, en plus de l\u2019autonomisation des femmes et du renforcement de la gouvernance.<\/p>\n<p>Le secr\u00e9taire g\u00e9n\u00e9ral a \u00e9galement soulign\u00e9 que le nouveau plan de travail repose sur des priorit\u00e9s majeures, notamment les domaines ci-haut cit\u00e9s, ajoutant qu&#8217;il s\u2019appuie sur des approches innovantes de financement du d\u00e9veloppement, \u00e0 travers l\u2019\u00e9largissement des partenariats avec le secteur priv\u00e9 et les institutions internationales.<\/p>\n<p>Il a, en outre, relev\u00e9 que cette dynamique s\u2019inscrit pleinement dans la vision port\u00e9e par Son Excellence le Pr\u00e9sident de la R\u00e9publique, Monsieur Mohamed Ould Cheikh El Ghazouani, \u00e0 travers son programme \u00ab Mon ambition pour la Patrie \u00bb, qui constitue le cadre de r\u00e9f\u00e9rence des politiques publiques et oriente l\u2019action gouvernementale vers le renforcement de la coh\u00e9sion sociale et de la prosp\u00e9rit\u00e9 partag\u00e9e, sous la conduite du Premier ministre, M. Mokhtar Ould Diay.<\/p>\n<p>De son c\u00f4t\u00e9, le Coordinateur r\u00e9sident du syst\u00e8me des Nations Unies en Mauritanie, M. Antonio Aranibar, a affirm\u00e9 que le nouveau plan de travail porte sur 28 interventions conjointes, dans le cadre de la mise en \u0153uvre du Cadre de coop\u00e9ration pour le d\u00e9veloppement durable 2024-2027, en coh\u00e9rence avec la Strat\u00e9gie de croissance acc\u00e9l\u00e9r\u00e9e et de prosp\u00e9rit\u00e9 partag\u00e9e (SCAPP).<\/p>\n<p>M. Aranibar a \u00e9galement pass\u00e9 en revue plusieurs r\u00e9alisations enregistr\u00e9es en 2025, notamment l\u2019adoption de la strat\u00e9gie de protection sociale 2025-2035, la mise \u00e0 jour du registre social, ainsi que l\u2019adoption de la strat\u00e9gie nationale de promotion de la paix et de la coh\u00e9sion sociale, sans oublier la pr\u00e9sentation du rapport relatif \u00e0 l\u2019Examen p\u00e9riodique universel des droits de l\u2019homme.<\/p>\n<p>Source MAED<\/p>\n","protected":false},"excerpt":{"rendered":"<p>Le secr\u00e9taire g\u00e9n\u00e9ral du minist\u00e8re des Affaires \u00e9conomiques et du D\u00e9veloppement, M. Yacoub Ould Ahmed Aicha, a pr\u00e9sid\u00e9, lundi apr\u00e8s-midi dans les locaux du minist\u00e8re, un atelier consacr\u00e9 \u00e0 la pr\u00e9sentation du rapport annuel des interventions des Nations Unies en Mauritanie pour l\u2019ann\u00e9e 2025, ainsi que du plan de travail conjoint pour la p\u00e9riode 2026-2027. &hellip;<\/p>\n","protected":false},"author":2,"featured_media":21575,"comment_status":"open","ping_status":"open","sticky":false,"template":"","format":"standard","meta":{"footnotes":""},"categories":[18,2],"tags":[],"class_list":["post-21570","post","type-post","status-publish","format-standard","has-post-thumbnail","hentry","category-actualites","category-economie"],"_links":{"self":[{"href":"https:\/\/ladepeche.mr\/index.php?rest_route=\/wp\/v2\/posts\/21570","targetHints":{"allow":["GET"]}}],"collection":[{"href":"https:\/\/ladepeche.mr\/index.php?rest_route=\/wp\/v2\/posts"}],"about":[{"href":"https:\/\/ladepeche.mr\/index.php?rest_route=\/wp\/v2\/types\/post"}],"author":[{"embeddable":true,"href":"https:\/\/ladepeche.mr\/index.php?rest_route=\/wp\/v2\/users\/2"}],"replies":[{"embeddable":true,"href":"https:\/\/ladepeche.mr\/index.php?rest_route=%2Fwp%2Fv2%2Fcomments&post=21570"}],"version-history":[{"count":2,"href":"https:\/\/ladepeche.mr\/index.php?rest_route=\/wp\/v2\/posts\/21570\/revisions"}],"predecessor-version":[{"id":21574,"href":"https:\/\/ladepeche.mr\/index.php?rest_route=\/wp\/v2\/posts\/21570\/revisions\/21574"}],"wp:featuredmedia":[{"embeddable":true,"href":"https:\/\/ladepeche.mr\/index.php?rest_route=\/wp\/v2\/media\/21575"}],"wp:attachment":[{"href":"https:\/\/ladepeche.mr\/index.php?rest_route=%2Fwp%2Fv2%2Fmedia&parent=21570"}],"wp:term":[{"taxonomy":"category","embeddable":true,"href":"https:\/\/ladepeche.mr\/index.php?rest_route=%2Fwp%2Fv2%2Fcategories&post=21570"},{"taxonomy":"post_tag","embeddable":true,"href":"https:\/\/ladepeche.mr\/index.php?rest_route=%2Fwp%2Fv2%2Ftags&post=21570"}],"curies":[{"name":"wp","href":"https:\/\/api.w.org\/{rel}","templated":true}]}}