{"id":21576,"date":"2026-04-28T11:36:52","date_gmt":"2026-04-28T11:36:52","guid":{"rendered":"https:\/\/ladepeche.mr\/?p=21576"},"modified":"2026-04-28T11:36:52","modified_gmt":"2026-04-28T11:36:52","slug":"afrique-de-louest-comment-proteger-une-biodiversite-marine-partagee","status":"publish","type":"post","link":"https:\/\/ladepeche.mr\/?p=21576","title":{"rendered":"Afrique de l&#8217;Ouest: comment prot\u00e9ger une biodiversit\u00e9 marine partag\u00e9e?"},"content":{"rendered":"<p>R\u00e9unis \u00e0 Nouakchott, les ministres des \u00c9tats membres du Partenariat R\u00e9gional pour la Conservation de la zone C\u00f4ti\u00e8re et Marine en Afrique de l\u2019Ouest ont adopt\u00e9 une \u00ab D\u00e9claration de Nouakchott \u00bb r\u00e9affirmant leur engagement \u00e0 prot\u00e9ger au moins 30 % des zones marines situ\u00e9es au-del\u00e0 des juridictions nationales, tout en appelant \u00e0 une coop\u00e9ration accrue et \u00e0 une mobilisation renforc\u00e9e des financements pour pr\u00e9server la biodiversit\u00e9.<\/p>\n<p>Cette d\u00e9cision est intervenue lundi lors d\u2019une table ronde de haut niveau consacr\u00e9e \u00e0 l\u2019Accord sur la biodiversit\u00e9 en haute mer (Accord sur la biodiversit\u00e9 en haute mer), organis\u00e9e en marge de la 12\u1d49 \u00e9dition du Forum r\u00e9gional maritime et c\u00f4tier, tenue dans la capitale mauritanienne.<\/p>\n<p>Pr\u00e9sidant la rencontre, la ministre mauritanienne de l\u2019Environnement et du D\u00e9veloppement durable, Mme Messouda Mint Baham Ould Mohamed Laghdaf, a soulign\u00e9 l\u2019importance strat\u00e9gique de l\u2019espace maritime ouest-africain, \u00e0 la fois patrimoine \u00e9cologique mondial, pilier de la s\u00e9curit\u00e9 alimentaire et moteur \u00e9conomique pour des millions de personnes. Elle a insist\u00e9 sur le r\u00f4le central des oc\u00e9ans dans l\u2019\u00e9quilibre climatique et la subsistance des populations, tout en alertant sur les menaces croissantes li\u00e9es \u00e0 la surexploitation, \u00e0 la pollution et aux changements climatiques.<\/p>\n<p>La ministre a \u00e9galement qualifi\u00e9 l\u2019adoption, en septembre 2023, de l\u2019accord BBNJ de \u00ab tournant d\u00e9cisif \u00bb vers une gouvernance plus \u00e9quitable et durable des oc\u00e9ans, r\u00e9affirmant l\u2019engagement de la Mauritanie \u00e0 travers le renforcement des aires marines prot\u00e9g\u00e9es, des cadres juridiques et de l\u2019appui aux communaut\u00e9s c\u00f4ti\u00e8res.<\/p>\n<p>Au cours des \u00e9changes, les d\u00e9l\u00e9gations ont partag\u00e9 leurs exp\u00e9riences nationales en mati\u00e8re de conservation marine, tandis que la Banque africaine de d\u00e9veloppement a exprim\u00e9 sa volont\u00e9 d\u2019accompagner les pays dans la mise en \u0153uvre de leurs programmes environnementaux.<\/p>\n<p>De son c\u00f4t\u00e9, la secr\u00e9taire ex\u00e9cutive de la Convention d\u2019Abidjan, Mme Fatou Ndoye, a salu\u00e9 les avanc\u00e9es de la rencontre, mettant en avant les actions men\u00e9es pour lutter contre la pollution marine et renforcer la gestion durable des zones c\u00f4ti\u00e8res.<\/p>\n<p>Les participants ont enfin insist\u00e9 sur la n\u00e9cessit\u00e9 d\u2019intensifier la coordination r\u00e9gionale et internationale afin de r\u00e9pondre efficacement aux d\u00e9fis environnementaux, soulignant l\u2019interd\u00e9pendance des \u00e9cosyst\u00e8mes marins et des \u00e9conomies qui en d\u00e9pendent.<\/p>\n<p>(avec Ami)<\/p>\n","protected":false},"excerpt":{"rendered":"<p>R\u00e9unis \u00e0 Nouakchott, les ministres des \u00c9tats membres du Partenariat R\u00e9gional pour la Conservation de la zone C\u00f4ti\u00e8re et Marine en Afrique de l\u2019Ouest ont adopt\u00e9 une \u00ab D\u00e9claration de Nouakchott \u00bb r\u00e9affirmant leur engagement \u00e0 prot\u00e9ger au moins 30 % des zones marines situ\u00e9es au-del\u00e0 des juridictions nationales, tout en appelant \u00e0 une coop\u00e9ration &hellip;<\/p>\n","protected":false},"author":2,"featured_media":21577,"comment_status":"open","ping_status":"open","sticky":false,"template":"","format":"standard","meta":{"footnotes":""},"categories":[18,21],"tags":[],"class_list":["post-21576","post","type-post","status-publish","format-standard","has-post-thumbnail","hentry","category-actualites","category-fluctuations"],"_links":{"self":[{"href":"https:\/\/ladepeche.mr\/index.php?rest_route=\/wp\/v2\/posts\/21576","targetHints":{"allow":["GET"]}}],"collection":[{"href":"https:\/\/ladepeche.mr\/index.php?rest_route=\/wp\/v2\/posts"}],"about":[{"href":"https:\/\/ladepeche.mr\/index.php?rest_route=\/wp\/v2\/types\/post"}],"author":[{"embeddable":true,"href":"https:\/\/ladepeche.mr\/index.php?rest_route=\/wp\/v2\/users\/2"}],"replies":[{"embeddable":true,"href":"https:\/\/ladepeche.mr\/index.php?rest_route=%2Fwp%2Fv2%2Fcomments&post=21576"}],"version-history":[{"count":1,"href":"https:\/\/ladepeche.mr\/index.php?rest_route=\/wp\/v2\/posts\/21576\/revisions"}],"predecessor-version":[{"id":21578,"href":"https:\/\/ladepeche.mr\/index.php?rest_route=\/wp\/v2\/posts\/21576\/revisions\/21578"}],"wp:featuredmedia":[{"embeddable":true,"href":"https:\/\/ladepeche.mr\/index.php?rest_route=\/wp\/v2\/media\/21577"}],"wp:attachment":[{"href":"https:\/\/ladepeche.mr\/index.php?rest_route=%2Fwp%2Fv2%2Fmedia&parent=21576"}],"wp:term":[{"taxonomy":"category","embeddable":true,"href":"https:\/\/ladepeche.mr\/index.php?rest_route=%2Fwp%2Fv2%2Fcategories&post=21576"},{"taxonomy":"post_tag","embeddable":true,"href":"https:\/\/ladepeche.mr\/index.php?rest_route=%2Fwp%2Fv2%2Ftags&post=21576"}],"curies":[{"name":"wp","href":"https:\/\/api.w.org\/{rel}","templated":true}]}}