{"id":21579,"date":"2026-04-28T13:00:15","date_gmt":"2026-04-28T13:00:15","guid":{"rendered":"https:\/\/ladepeche.mr\/?p=21579"},"modified":"2026-04-28T11:59:18","modified_gmt":"2026-04-28T11:59:18","slug":"le-ministre-des-affaires-economiques-recoit-la-directrice-regionale-de-la-bad-pour-lafrique-du-nord","status":"publish","type":"post","link":"https:\/\/ladepeche.mr\/?p=21579","title":{"rendered":"Le ministre des Affaires \u00e9conomiques re\u00e7oit la directrice r\u00e9gionale de la BAD pour l\u2019Afrique du Nord"},"content":{"rendered":"<p>Son Excellence le ministre des Affaires \u00e9conomiques et du D\u00e9veloppement, M. Abdallah Ould Souleymane Ould Cheikh Sidia, a re\u00e7u, lundi \u00e0 son bureau \u00e0 Nouakchott, Mme Malinne Blomberg, directrice g\u00e9n\u00e9rale adjointe pour la r\u00e9gion de l\u2019Afrique du Nord \u00e0 la Banque africaine de d\u00e9veloppement (BAD), actuellement en visite de travail dans notre pays.<\/p>\n<p>Les entretiens ont port\u00e9 sur la revue du portefeuille des projets de d\u00e9veloppement financ\u00e9s par l&#8217;institution en Mauritanie, ainsi que sur les moyens de renforcer et de consolider davantage les relations de coop\u00e9ration entre les deux parties, en coh\u00e9rence avec les priorit\u00e9s strat\u00e9giques nationales en mati\u00e8re de d\u00e9veloppement.<\/p>\n<p>La rencontre a \u00e9galement permis d\u2019aborder les m\u00e9canismes susceptibles d\u2019acc\u00e9l\u00e9rer la mise en \u0153uvre des programmes conjoints et d\u2019am\u00e9liorer le niveau de coordination afin de faire face aux d\u00e9fis \u00e9conomiques du moment.<\/p>\n<p>Cette visite s\u2019inscrit dans le cadre du partenariat fructueux liant notre pays \u00e0 la Banque africaine de d\u00e9veloppement, en sa qualit\u00e9 de partenaire cl\u00e9 dans l\u2019appui aux infrastructures et aux r\u00e9formes structurelles.<\/p>\n","protected":false},"excerpt":{"rendered":"<p>Son Excellence le ministre des Affaires \u00e9conomiques et du D\u00e9veloppement, M. Abdallah Ould Souleymane Ould Cheikh Sidia, a re\u00e7u, lundi \u00e0 son bureau \u00e0 Nouakchott, Mme Malinne Blomberg, directrice g\u00e9n\u00e9rale adjointe pour la r\u00e9gion de l\u2019Afrique du Nord \u00e0 la Banque africaine de d\u00e9veloppement (BAD), actuellement en visite de travail dans notre pays. Les entretiens &hellip;<\/p>\n","protected":false},"author":2,"featured_media":21580,"comment_status":"open","ping_status":"open","sticky":false,"template":"","format":"standard","meta":{"footnotes":""},"categories":[18,2],"tags":[],"class_list":["post-21579","post","type-post","status-publish","format-standard","has-post-thumbnail","hentry","category-actualites","category-economie"],"_links":{"self":[{"href":"https:\/\/ladepeche.mr\/index.php?rest_route=\/wp\/v2\/posts\/21579","targetHints":{"allow":["GET"]}}],"collection":[{"href":"https:\/\/ladepeche.mr\/index.php?rest_route=\/wp\/v2\/posts"}],"about":[{"href":"https:\/\/ladepeche.mr\/index.php?rest_route=\/wp\/v2\/types\/post"}],"author":[{"embeddable":true,"href":"https:\/\/ladepeche.mr\/index.php?rest_route=\/wp\/v2\/users\/2"}],"replies":[{"embeddable":true,"href":"https:\/\/ladepeche.mr\/index.php?rest_route=%2Fwp%2Fv2%2Fcomments&post=21579"}],"version-history":[{"count":1,"href":"https:\/\/ladepeche.mr\/index.php?rest_route=\/wp\/v2\/posts\/21579\/revisions"}],"predecessor-version":[{"id":21581,"href":"https:\/\/ladepeche.mr\/index.php?rest_route=\/wp\/v2\/posts\/21579\/revisions\/21581"}],"wp:featuredmedia":[{"embeddable":true,"href":"https:\/\/ladepeche.mr\/index.php?rest_route=\/wp\/v2\/media\/21580"}],"wp:attachment":[{"href":"https:\/\/ladepeche.mr\/index.php?rest_route=%2Fwp%2Fv2%2Fmedia&parent=21579"}],"wp:term":[{"taxonomy":"category","embeddable":true,"href":"https:\/\/ladepeche.mr\/index.php?rest_route=%2Fwp%2Fv2%2Fcategories&post=21579"},{"taxonomy":"post_tag","embeddable":true,"href":"https:\/\/ladepeche.mr\/index.php?rest_route=%2Fwp%2Fv2%2Ftags&post=21579"}],"curies":[{"name":"wp","href":"https:\/\/api.w.org\/{rel}","templated":true}]}}