{"id":21583,"date":"2026-04-28T14:39:16","date_gmt":"2026-04-28T14:39:16","guid":{"rendered":"https:\/\/ladepeche.mr\/?p=21583"},"modified":"2026-04-28T14:39:16","modified_gmt":"2026-04-28T14:39:16","slug":"qui-a-tente-de-renverser-le-regime-malien","status":"publish","type":"post","link":"https:\/\/ladepeche.mr\/?p=21583","title":{"rendered":"Qui a tent\u00e9 de renverser le r\u00e9gime malien ?"},"content":{"rendered":"<p>La Russie a affirm\u00e9 mardi que ses forces avaient d\u00e9jou\u00e9 une tentative de coup d\u2019\u00c9tat men\u00e9e par des hommes arm\u00e9s au Mali, sans pr\u00e9ciser l\u2019identit\u00e9 des assaillants ni leurs motivations.<\/p>\n<p>Dans un communiqu\u00e9 relay\u00e9 par les m\u00e9dias officiels, le minist\u00e8re russe de la D\u00e9fense indique que le \u00ab Corps africain \u00bb, qui a succ\u00e9d\u00e9 au groupe paramilitaire Wagner, poursuit ses missions sur le territoire malien et se tient pr\u00eat \u00e0 repousser toute nouvelle attaque.<\/p>\n<p>Ces d\u00e9clarations interviennent dans un contexte s\u00e9curitaire tendu. Plus t\u00f4t dans la journ\u00e9e, des m\u00e9dias publics russes avaient rapport\u00e9 que ce m\u00eame Corps africain avait subi des pertes \u2014 non chiffr\u00e9es \u2014 apr\u00e8s avoir retir\u00e9 ses forces de la ville de Kidal, \u00e0 la suite de violents affrontements survenus en d\u00e9but de semaine.<\/p>\n<p>Alors que les autorit\u00e9s russes \u00e9voquent une tentative de d\u00e9stabilisation, de nombreuses zones d\u2019ombre subsistent : qui sont les auteurs de cette op\u00e9ration, et s\u2019agit-il d\u2019un mouvement interne ou d\u2019une action coordonn\u00e9e par des acteurs ext\u00e9rieurs ?<\/p>\n","protected":false},"excerpt":{"rendered":"<p>La Russie a affirm\u00e9 mardi que ses forces avaient d\u00e9jou\u00e9 une tentative de coup d\u2019\u00c9tat men\u00e9e par des hommes arm\u00e9s au Mali, sans pr\u00e9ciser l\u2019identit\u00e9 des assaillants ni leurs motivations. Dans un communiqu\u00e9 relay\u00e9 par les m\u00e9dias officiels, le minist\u00e8re russe de la D\u00e9fense indique que le \u00ab Corps africain \u00bb, qui a succ\u00e9d\u00e9 au &hellip;<\/p>\n","protected":false},"author":2,"featured_media":1162,"comment_status":"open","ping_status":"open","sticky":false,"template":"","format":"standard","meta":{"footnotes":""},"categories":[18,29,28],"tags":[],"class_list":["post-21583","post","type-post","status-publish","format-standard","has-post-thumbnail","hentry","category-actualites","category-monde","category-sahel"],"_links":{"self":[{"href":"https:\/\/ladepeche.mr\/index.php?rest_route=\/wp\/v2\/posts\/21583","targetHints":{"allow":["GET"]}}],"collection":[{"href":"https:\/\/ladepeche.mr\/index.php?rest_route=\/wp\/v2\/posts"}],"about":[{"href":"https:\/\/ladepeche.mr\/index.php?rest_route=\/wp\/v2\/types\/post"}],"author":[{"embeddable":true,"href":"https:\/\/ladepeche.mr\/index.php?rest_route=\/wp\/v2\/users\/2"}],"replies":[{"embeddable":true,"href":"https:\/\/ladepeche.mr\/index.php?rest_route=%2Fwp%2Fv2%2Fcomments&post=21583"}],"version-history":[{"count":1,"href":"https:\/\/ladepeche.mr\/index.php?rest_route=\/wp\/v2\/posts\/21583\/revisions"}],"predecessor-version":[{"id":21584,"href":"https:\/\/ladepeche.mr\/index.php?rest_route=\/wp\/v2\/posts\/21583\/revisions\/21584"}],"wp:featuredmedia":[{"embeddable":true,"href":"https:\/\/ladepeche.mr\/index.php?rest_route=\/wp\/v2\/media\/1162"}],"wp:attachment":[{"href":"https:\/\/ladepeche.mr\/index.php?rest_route=%2Fwp%2Fv2%2Fmedia&parent=21583"}],"wp:term":[{"taxonomy":"category","embeddable":true,"href":"https:\/\/ladepeche.mr\/index.php?rest_route=%2Fwp%2Fv2%2Fcategories&post=21583"},{"taxonomy":"post_tag","embeddable":true,"href":"https:\/\/ladepeche.mr\/index.php?rest_route=%2Fwp%2Fv2%2Ftags&post=21583"}],"curies":[{"name":"wp","href":"https:\/\/api.w.org\/{rel}","templated":true}]}}