{"id":21585,"date":"2026-04-28T17:07:41","date_gmt":"2026-04-28T17:07:41","guid":{"rendered":"https:\/\/ladepeche.mr\/?p=21585"},"modified":"2026-04-28T17:07:41","modified_gmt":"2026-04-28T17:07:41","slug":"communique-ira-passage-a-tabac-et-torture-dans-la-prison-des-femmes-a-nouakchott","status":"publish","type":"post","link":"https:\/\/ladepeche.mr\/?p=21585","title":{"rendered":"Communiqu\u00e9 Ira: Passage \u00e0 tabac et torture dans la prison des femmes \u00e0 Nouakchott"},"content":{"rendered":"<p>La d\u00e9tenue Warda Ahmed Souleymane, journaliste, blogueuse et militante de l\u2019ONG IRA-Mauritanie, est incarc\u00e9r\u00e9e depuis plusieurs mois dans le cadre d\u2019une proc\u00e9dure li\u00e9e \u00e0 des propos diffus\u00e9s en direct sur l\u2019application Facebook, relatifs au d\u00e9c\u00e8s du militant Mohamed Laghdaf Nema, survenu le la 4 f\u00e9vrier \u00e0 la suite de violences polici\u00e8res lors d\u2019une manifestation pacifique.<\/p>\n<p>Depuis plusieurs jours avant les faits, la d\u00e9tenue Warda Ahmed Souleymane, qui serait enceinte, sollicitait l\u2019acc\u00e8s \u00e0 des soins m\u00e9dicaux en raison de douleurs persistantes \u00e0 l\u2019\u0153il et \u00e0 la hanche. Ces demandes auraient fait l\u2019objet de refus r\u00e9p\u00e9t\u00e9s de la part de l\u2019administration p\u00e9nitentiaire.<br \/>\nEn r\u00e9action \u00e0 ces refus, elle a observ\u00e9 une forme de protestation pacifique en restant devant la porte de sa cellule durant la journ\u00e9e pr\u00e9c\u00e9dant les faits.<br \/>\nDans la nuit du mardi 28 avril 2026, aux environs de 2 heures du matin, l\u2019adjudant-chef d\u00e9nomm\u00e9 Niang, accompagn\u00e9 de son subalterne Cheikh et de plusieurs \u00e9l\u00e9ments de la Garde nationale, se serait pr\u00e9sent\u00e9 devant la cellule de la d\u00e9tenue. Selon les t\u00e9moignages recueillis, Cheikh lui aurait administr\u00e9 une gifle violente, entra\u00eenant sa chute, tandis que l\u2019adjudant-chef Niang lui aurait port\u00e9 un coup de pied. Les agents pr\u00e9sents auraient ensuite port\u00e9 plusieurs coups \u00e0 la d\u00e9tenue avant de la repousser dans sa cellule.<br \/>\nWarda serait alors rest\u00e9e au sol, incapable de se relever. Ces faits se seraient d\u00e9roul\u00e9s en pr\u00e9sence d\u2019autres d\u00e9tenues, ainsi que de la D\u00e9put\u00e9e Ghame Achour Salem, \u00e9galement incarc\u00e9r\u00e9e.<br \/>\nPar la suite, la d\u00e9tenue aurait manifest\u00e9 de fortes douleurs, laissant supposer une fracture au niveau de la cuisse. Elle aurait \u00e9t\u00e9 menott\u00e9e puis transport\u00e9e \u00e0 l\u2019h\u00f4pital national, o\u00f9 une fracture aurait \u00e9t\u00e9 constat\u00e9e par les services m\u00e9dicaux, avant un transfert vers un autre \u00e9tablissement hospitalier pour sa prise en charge.<br \/>\nIl est \u00e9galement rapport\u00e9 que, durant toute la dur\u00e9e des soins, les agents de s\u00e9curit\u00e9 auraient maintenu la d\u00e9tenue menott\u00e9e, malgr\u00e9 les demandes et protestations du personnel m\u00e9dical.<br \/>\nIRA souligne que ce genre de pratiques ignobles \u00e0 l\u2019encontre des femmes, des bless\u00e9s et des malades est totalement \u00e9tranger aux valeurs, coutumes et usages de notre soci\u00e9t\u00e9.<br \/>\nIRA prend \u00e0 t\u00e9moin l\u2019opinion nationale et internationale que la vie de Warda Ahmed Souleymane est en danger et que le r\u00e9gime de Mohamed Cheikh El Ghazouani sera tenu pour seul responsable de ce qui pourrait lui advenir, son \u00e9tat de sant\u00e9 \u00e9tant plus que critique.<br \/>\nIRA promet aux Mauritaniennes et aux Mauritaniens, terroris\u00e9s par l\u2019arbitraire, la violence de la police politique ghazouanienne et les \u00e9p\u00e9es de Damocl\u00e8s que repr\u00e9sentent la loi sur les symboles et la cybercriminalit\u00e9, de mener une lutte sans merci et sans concession contre cette dictature, jusqu\u2019\u00e0 sa chute totale et d\u00e9finitive.<br \/>\nFait \u00e0 Nouakchott, le 28 avril 2026<br \/>\nLa Commission de Communication<\/p>\n","protected":false},"excerpt":{"rendered":"<p>La d\u00e9tenue Warda Ahmed Souleymane, journaliste, blogueuse et militante de l\u2019ONG IRA-Mauritanie, est incarc\u00e9r\u00e9e depuis plusieurs mois dans le cadre d\u2019une proc\u00e9dure li\u00e9e \u00e0 des propos diffus\u00e9s en direct sur l\u2019application Facebook, relatifs au d\u00e9c\u00e8s du militant Mohamed Laghdaf Nema, survenu le la 4 f\u00e9vrier \u00e0 la suite de violences polici\u00e8res lors d\u2019une manifestation pacifique. &hellip;<\/p>\n","protected":false},"author":2,"featured_media":9978,"comment_status":"open","ping_status":"open","sticky":false,"template":"","format":"standard","meta":{"footnotes":""},"categories":[18,31],"tags":[],"class_list":["post-21585","post","type-post","status-publish","format-standard","has-post-thumbnail","hentry","category-actualites","category-politique-et-reportages"],"_links":{"self":[{"href":"https:\/\/ladepeche.mr\/index.php?rest_route=\/wp\/v2\/posts\/21585","targetHints":{"allow":["GET"]}}],"collection":[{"href":"https:\/\/ladepeche.mr\/index.php?rest_route=\/wp\/v2\/posts"}],"about":[{"href":"https:\/\/ladepeche.mr\/index.php?rest_route=\/wp\/v2\/types\/post"}],"author":[{"embeddable":true,"href":"https:\/\/ladepeche.mr\/index.php?rest_route=\/wp\/v2\/users\/2"}],"replies":[{"embeddable":true,"href":"https:\/\/ladepeche.mr\/index.php?rest_route=%2Fwp%2Fv2%2Fcomments&post=21585"}],"version-history":[{"count":1,"href":"https:\/\/ladepeche.mr\/index.php?rest_route=\/wp\/v2\/posts\/21585\/revisions"}],"predecessor-version":[{"id":21586,"href":"https:\/\/ladepeche.mr\/index.php?rest_route=\/wp\/v2\/posts\/21585\/revisions\/21586"}],"wp:featuredmedia":[{"embeddable":true,"href":"https:\/\/ladepeche.mr\/index.php?rest_route=\/wp\/v2\/media\/9978"}],"wp:attachment":[{"href":"https:\/\/ladepeche.mr\/index.php?rest_route=%2Fwp%2Fv2%2Fmedia&parent=21585"}],"wp:term":[{"taxonomy":"category","embeddable":true,"href":"https:\/\/ladepeche.mr\/index.php?rest_route=%2Fwp%2Fv2%2Fcategories&post=21585"},{"taxonomy":"post_tag","embeddable":true,"href":"https:\/\/ladepeche.mr\/index.php?rest_route=%2Fwp%2Fv2%2Ftags&post=21585"}],"curies":[{"name":"wp","href":"https:\/\/api.w.org\/{rel}","templated":true}]}}