{"id":21587,"date":"2026-04-28T21:29:21","date_gmt":"2026-04-28T21:29:21","guid":{"rendered":"https:\/\/ladepeche.mr\/?p=21587"},"modified":"2026-04-28T21:29:21","modified_gmt":"2026-04-28T21:29:21","slug":"economie-bleue-plus-de-503-millions-deuros-pour-renforcer-la-protection-des-ecosystemes-marins-et-cotiers-en-mauritanie","status":"publish","type":"post","link":"https:\/\/ladepeche.mr\/?p=21587","title":{"rendered":"\u00c9conomie bleue: plus de 50,3 millions d\u2019euros pour renforcer la protection des \u00e9cosyst\u00e8mes marins et c\u00f4tiers en Mauritanie"},"content":{"rendered":"<p>Le ministre de l\u2019\u00c9conomie et des Finances, Abdallahi Ould Cheikh Sidiya, a sign\u00e9 ce mardi \u00e0 Nouakchott une convention de financement avec le repr\u00e9sentant r\u00e9sident de la Banque mondiale, Ibrahima Diouf, pour un montant de 50,3 millions d\u2019euros (plus de 2,36 milliards d\u2019ouguiyas nouvelles). Cet accord vise \u00e0 soutenir le programme \u00ab \u00c9conomie bleue et r\u00e9silience des zones c\u00f4ti\u00e8res en Afrique de l\u2019Ouest \u00bb.<\/p>\n<p>Financ\u00e9 par l\u2019Association internationale de d\u00e9veloppement (IDA), le projet ambitionne de renforcer la protection des \u00e9cosyst\u00e8mes marins et c\u00f4tiers en Mauritanie, tout en am\u00e9liorant la r\u00e9silience des communaut\u00e9s locales face aux effets du changement climatique.<\/p>\n<p>La signature s\u2019est d\u00e9roul\u00e9e en pr\u00e9sence de la ministre de l\u2019Environnement et du D\u00e9veloppement durable, Messouda Baham Mohamed Laghdaf, en marge d\u2019une table ronde minist\u00e9rielle organis\u00e9e \u00e0 l\u2019occasion du forum FOMACO 2026.<\/p>\n<p>Le programme pr\u00e9voit notamment la lutte contre l\u2019\u00e9rosion c\u00f4ti\u00e8re et les inondations, la restauration des \u00e9cosyst\u00e8mes, ainsi que le d\u00e9veloppement de cha\u00eenes de valeur dans les secteurs de la p\u00eache, du tourisme et des services logistiques. Il s\u2019inscrit \u00e9galement dans le cadre du programme r\u00e9gional WACA, couvrant plusieurs pays d\u2019Afrique de l\u2019Ouest, de la Mauritanie au Gabon.<\/p>\n<p>\u00c0 terme, ce financement devrait contribuer \u00e0 promouvoir une \u00e9conomie bleue durable, g\u00e9n\u00e9ratrice d\u2019emplois, notamment pour les jeunes et les femmes.<\/p>\n","protected":false},"excerpt":{"rendered":"<p>Le ministre de l\u2019\u00c9conomie et des Finances, Abdallahi Ould Cheikh Sidiya, a sign\u00e9 ce mardi \u00e0 Nouakchott une convention de financement avec le repr\u00e9sentant r\u00e9sident de la Banque mondiale, Ibrahima Diouf, pour un montant de 50,3 millions d\u2019euros (plus de 2,36 milliards d\u2019ouguiyas nouvelles). Cet accord vise \u00e0 soutenir le programme \u00ab \u00c9conomie bleue et &hellip;<\/p>\n","protected":false},"author":2,"featured_media":21589,"comment_status":"open","ping_status":"open","sticky":false,"template":"","format":"standard","meta":{"footnotes":""},"categories":[18,2,21],"tags":[],"class_list":["post-21587","post","type-post","status-publish","format-standard","has-post-thumbnail","hentry","category-actualites","category-economie","category-fluctuations"],"_links":{"self":[{"href":"https:\/\/ladepeche.mr\/index.php?rest_route=\/wp\/v2\/posts\/21587","targetHints":{"allow":["GET"]}}],"collection":[{"href":"https:\/\/ladepeche.mr\/index.php?rest_route=\/wp\/v2\/posts"}],"about":[{"href":"https:\/\/ladepeche.mr\/index.php?rest_route=\/wp\/v2\/types\/post"}],"author":[{"embeddable":true,"href":"https:\/\/ladepeche.mr\/index.php?rest_route=\/wp\/v2\/users\/2"}],"replies":[{"embeddable":true,"href":"https:\/\/ladepeche.mr\/index.php?rest_route=%2Fwp%2Fv2%2Fcomments&post=21587"}],"version-history":[{"count":1,"href":"https:\/\/ladepeche.mr\/index.php?rest_route=\/wp\/v2\/posts\/21587\/revisions"}],"predecessor-version":[{"id":21588,"href":"https:\/\/ladepeche.mr\/index.php?rest_route=\/wp\/v2\/posts\/21587\/revisions\/21588"}],"wp:featuredmedia":[{"embeddable":true,"href":"https:\/\/ladepeche.mr\/index.php?rest_route=\/wp\/v2\/media\/21589"}],"wp:attachment":[{"href":"https:\/\/ladepeche.mr\/index.php?rest_route=%2Fwp%2Fv2%2Fmedia&parent=21587"}],"wp:term":[{"taxonomy":"category","embeddable":true,"href":"https:\/\/ladepeche.mr\/index.php?rest_route=%2Fwp%2Fv2%2Fcategories&post=21587"},{"taxonomy":"post_tag","embeddable":true,"href":"https:\/\/ladepeche.mr\/index.php?rest_route=%2Fwp%2Fv2%2Ftags&post=21587"}],"curies":[{"name":"wp","href":"https:\/\/api.w.org\/{rel}","templated":true}]}}