{"id":21590,"date":"2026-04-29T09:09:00","date_gmt":"2026-04-29T09:09:00","guid":{"rendered":"https:\/\/ladepeche.mr\/?p=21590"},"modified":"2026-04-29T09:09:00","modified_gmt":"2026-04-29T09:09:00","slug":"malgre-le-contexte-international-la-snim-affiche-une-sante-de-fer","status":"publish","type":"post","link":"https:\/\/ladepeche.mr\/?p=21590","title":{"rendered":"Malgr\u00e9 le contexte international, la Snim affiche une sant\u00e9 de fer!"},"content":{"rendered":"<p>Dans un contexte international peu favorable, marqu\u00e9 par la volatilit\u00e9 des prix du minerai de fer et la hausse des co\u00fbts des intrants, la Soci\u00e9t\u00e9 Nationale Industrielle et Mini\u00e8re confirme sa r\u00e9silience et son r\u00f4le moteur dans l\u2019\u00e9conomie mauritanienne.<\/p>\n<p>R\u00e9uni en session ordinaire, le Conseil d\u2019administration a salu\u00e9 des performances op\u00e9rationnelles solides au titre de l\u2019exercice 2025. L\u2019entreprise a maintenu un niveau \u00e9lev\u00e9 d\u2019activit\u00e9, avec 130,2 millions de tonnes de terrassement et 14,7 millions de tonnes \u00e0 la fois vendues et transport\u00e9es par rail. Ces indicateurs traduisent une mont\u00e9e en puissance continue des capacit\u00e9s industrielles, en phase avec les ambitions du programme strat\u00e9gique du groupe.<\/p>\n<p>Sur le plan financier, la SNIM enregistre un chiffre d\u2019affaires de 46 639 millions MRU, en progression de 2 %, soutenu par l\u2019augmentation des volumes \u00e9coul\u00e9s. Le r\u00e9sultat net, bien qu\u2019en repli de 24 % \u00e0 8 031 millions MRU, refl\u00e8te surtout les pressions externes li\u00e9es au march\u00e9 international et aux co\u00fbts de production, sans remettre en cause les fondamentaux de l\u2019entreprise.<\/p>\n<p>Malgr\u00e9 ces contraintes, la soci\u00e9t\u00e9 a poursuivi ses investissements \u00e0 un niveau significatif (7 720 millions MRU), tout en r\u00e9duisant son endettement, signe d\u2019une gestion financi\u00e8re ma\u00eetris\u00e9e. L\u2019ann\u00e9e a \u00e9galement \u00e9t\u00e9 marqu\u00e9e par des avanc\u00e9es structurantes, notamment la mise en service de nouvelles capacit\u00e9s \u00e9nerg\u00e9tiques \u00e0 Zouerate, combinant thermique et solaire, ainsi que l\u2019obtention de la certification ISO 45001, renfor\u00e7ant les standards en mati\u00e8re de sant\u00e9 et s\u00e9curit\u00e9 au travail.<\/p>\n<p>Le renforcement de la gouvernance, \u00e0 travers l\u2019ind\u00e9pendance accrue de l\u2019audit interne, et l\u2019acc\u00e9l\u00e9ration de projets strat\u00e9giques comme F\u2019derick, El Aouj ou Atomai, t\u00e9moignent d\u2019une volont\u00e9 affirm\u00e9e de transformation et de consolidation \u00e0 long terme. La mont\u00e9e \u00e0 92 % de participation dans le projet El Aouj illustre cette dynamique d\u2019expansion.<\/p>\n<p>Au-del\u00e0 de ses performances industrielles, la SNIM continue d\u2019assumer pleinement son r\u00f4le social. Le Conseil a salu\u00e9 l\u2019engagement des \u10d7\u10d0\u10dc\u10d0\u10db\u10e8\u10e0\u10dd\u10dbateurs et adopt\u00e9 des mesures visant \u00e0 am\u00e9liorer leurs conditions de travail. Parall\u00e8lement, la Fondation SNIM poursuit ses actions dans les domaines de l\u2019\u00e9ducation, de la sant\u00e9 et du d\u00e9veloppement local, au profit de plusieurs r\u00e9gions du pays.<\/p>\n<p>Acteur cl\u00e9 de l\u2019\u00e9conomie nationale, la SNIM repr\u00e9sente 10 % des recettes budg\u00e9taires de l\u2019\u00c9tat, 6 % du PIB et 27 % des exportations. Des contributions qui confirment son statut de pilier \u00e9conomique et son impact structurant.<\/p>\n<p>Forte de ces r\u00e9sultats et d\u00e9termin\u00e9e \u00e0 consolider sa comp\u00e9titivit\u00e9, la SNIM entend poursuivre la mise en \u0153uvre de son Programme Strat\u00e9gique d\u2019Entreprise, avec l\u2019ambition de renforcer sa position et d\u2019accompagner durablement le d\u00e9veloppement \u00e9conomique de la Mauritanie.<\/p>\n","protected":false},"excerpt":{"rendered":"<p>Dans un contexte international peu favorable, marqu\u00e9 par la volatilit\u00e9 des prix du minerai de fer et la hausse des co\u00fbts des intrants, la Soci\u00e9t\u00e9 Nationale Industrielle et Mini\u00e8re confirme sa r\u00e9silience et son r\u00f4le moteur dans l\u2019\u00e9conomie mauritanienne. R\u00e9uni en session ordinaire, le Conseil d\u2019administration a salu\u00e9 des performances op\u00e9rationnelles solides au titre de &hellip;<\/p>\n","protected":false},"author":2,"featured_media":12388,"comment_status":"open","ping_status":"open","sticky":false,"template":"","format":"standard","meta":{"footnotes":""},"categories":[18,2],"tags":[],"class_list":["post-21590","post","type-post","status-publish","format-standard","has-post-thumbnail","hentry","category-actualites","category-economie"],"_links":{"self":[{"href":"https:\/\/ladepeche.mr\/index.php?rest_route=\/wp\/v2\/posts\/21590","targetHints":{"allow":["GET"]}}],"collection":[{"href":"https:\/\/ladepeche.mr\/index.php?rest_route=\/wp\/v2\/posts"}],"about":[{"href":"https:\/\/ladepeche.mr\/index.php?rest_route=\/wp\/v2\/types\/post"}],"author":[{"embeddable":true,"href":"https:\/\/ladepeche.mr\/index.php?rest_route=\/wp\/v2\/users\/2"}],"replies":[{"embeddable":true,"href":"https:\/\/ladepeche.mr\/index.php?rest_route=%2Fwp%2Fv2%2Fcomments&post=21590"}],"version-history":[{"count":1,"href":"https:\/\/ladepeche.mr\/index.php?rest_route=\/wp\/v2\/posts\/21590\/revisions"}],"predecessor-version":[{"id":21591,"href":"https:\/\/ladepeche.mr\/index.php?rest_route=\/wp\/v2\/posts\/21590\/revisions\/21591"}],"wp:featuredmedia":[{"embeddable":true,"href":"https:\/\/ladepeche.mr\/index.php?rest_route=\/wp\/v2\/media\/12388"}],"wp:attachment":[{"href":"https:\/\/ladepeche.mr\/index.php?rest_route=%2Fwp%2Fv2%2Fmedia&parent=21590"}],"wp:term":[{"taxonomy":"category","embeddable":true,"href":"https:\/\/ladepeche.mr\/index.php?rest_route=%2Fwp%2Fv2%2Fcategories&post=21590"},{"taxonomy":"post_tag","embeddable":true,"href":"https:\/\/ladepeche.mr\/index.php?rest_route=%2Fwp%2Fv2%2Ftags&post=21590"}],"curies":[{"name":"wp","href":"https:\/\/api.w.org\/{rel}","templated":true}]}}