{"id":21593,"date":"2026-04-29T10:38:20","date_gmt":"2026-04-29T10:38:20","guid":{"rendered":"https:\/\/ladepeche.mr\/?p=21593"},"modified":"2026-04-29T11:09:25","modified_gmt":"2026-04-29T11:09:25","slug":"instabilite-au-mali-les-autorites-cherchent-des-boucs-emissaires","status":"publish","type":"post","link":"https:\/\/ladepeche.mr\/?p=21593","title":{"rendered":"Instabilit\u00e9 au Mali: les autorit\u00e9s cherchent des boucs-\u00e9missaires et accusent&#8230;la Mauritanie"},"content":{"rendered":"<p data-start=\"92\" data-end=\"603\">Des accusations formul\u00e9es par un responsable malien, mettant en cause l\u2019Union europ\u00e9enne, l\u2019Alg\u00e9rie et la Mauritanie dans un suppos\u00e9 soutien aux groupes terroristes, qui ont r\u00e9cemment attaqu\u00e9 plusieurs villes maliennes dont Bamako suscitent scepticisme et incompr\u00e9hension. Des all\u00e9gations difficilement cr\u00e9dibles et encore moins s\u2019agissant de la Mauritanie. Cette derni\u00e8re qui a \u00e9t\u00e9 la premi\u00e8re \u00e0 d\u00e9noncer la tentative de destabilisation du Mali ne saurait, en effet, s\u2019associer, sous quelque pr\u00e9texte que ce soit, \u00e0 des organisations terroristes pour cette fin. La couleuvre est trop grosse pour passer\u2026inarper\u00e7ue.<\/p>\n<p>Ces d\u00e9clarations interviennent dans un contexte de fortes tensions au Sahel, marqu\u00e9 par une recrudescence d\u2019attaques arm\u00e9es. Le 25 avril, plusieurs villes maliennes ont \u00e9t\u00e9 vis\u00e9es par des offensives coordonn\u00e9es attribu\u00e9es \u00e0 des groupes rebelles, notamment touaregs. La simultan\u00e9it\u00e9 et la rapidit\u00e9 de ces attaques semblent avoir pris de court les autorit\u00e9s de Bamako. Et m\u00eame les russes qui ont parl\u00e9 \u2013sans apporter de preuve non plus- d\u2019un\u00a0 \u00ab\u00a0complot\u00a0\u00bb ourdi de l\u2019ext\u00e9rieur.<\/p>\n<p data-start=\"973\" data-end=\"1432\">Les d\u00e9clarations du vice-pr\u00e9sident de la commission D\u00e9fense du Conseil national de transition (CNT), Fousseynou Ouattara, qui aurait publiquement accus\u00e9 l\u2019Alg\u00e9rie, l\u2019Union europ\u00e9enne et la Mauritanie n\u2019auraient-elles pour fondement que les soup\u00e7ons russes ? Ces derniers trouvent -sans doute aussi- au Sahel un terrain fertile \u00e0 leur antagonisme avec le vieux continent. L&#8217;Ukraine n&#8217;est d&#8217;ailleurs pas en reste, s&#8217;agissant de l&#8217;intervention europ\u00e9en en Afrique.<\/p>\n<p>Il a \u00e9galement point\u00e9 du doigt l\u2019Alg\u00e9rie, accus\u00e9e d\u2019avoir facilit\u00e9 l\u2019installation de rebelles \u00e0 Kidal. La Mauritanie est m\u00eame cit\u00e9e par ce responsable qui n\u2019\u00e9tablit aucun lien entre elle et ses attaques.<\/p>\n<p>La Russie affirme avoir contribu\u00e9 \u00e0 d\u00e9jouer une tentative de coup d\u2019\u00c9tat au Mali, via le \u00abCorps africain \u00bb, successeur du groupe Wagner. Peu de d\u00e9tails ont \u00e9t\u00e9 fournis sur l\u2019identit\u00e9 des assaillants, laissant planer des zones d\u2019ombre sur la nature exacte des \u00e9v\u00e9nements r\u00e9cents.<\/p>\n<p data-start=\"1434\" data-end=\"1720\">A ce stade, en tout cas, aucune preuve tangible n\u2019est venue \u00e9tayer ces all\u00e9gations officielles. Plusieurs analystes d\u00e9noncent un discours relevant davantage de la supputation que d\u2019une d\u00e9monstration fond\u00e9e, dans un contexte o\u00f9 les tensions politiques et militaires exacerbent les prises de position.<\/p>\n<p data-start=\"1434\" data-end=\"1720\"><a href=\"https:\/\/ladepeche.mr\/?p=21547\">Mali: la RIM exprime sa solidarit\u00e9 avec le gouvernement malien \u2013 La D\u00e9p\u00eache de Mauritanie et du Sahel<\/a><\/p>\n<p data-start=\"1722\" data-end=\"2088\">Parall\u00e8lement, le Burkina Faso a annonc\u00e9 un renforcement massif de son dispositif s\u00e9curitaire. Le gouvernement pr\u00e9voit la mobilisation de 100 000 r\u00e9servistes suppl\u00e9mentaires d\u2019ici fin 2026, en compl\u00e9ment des 50 000 volontaires d\u00e9j\u00e0 engag\u00e9s. Cette strat\u00e9gie vise \u00e0 faire face \u00e0 une menace jihadiste persistante, alors que l\u2019arm\u00e9e r\u00e9guli\u00e8re reste limit\u00e9e en effectifs.<\/p>\n<p data-start=\"2090\" data-end=\"2426\">Entre accusations ridicules, mont\u00e9e en puissance de dispositifs militaires et crises politiques, le Sahel s\u2019enfonce dans une phase de crispation aigu\u00eb. Pour l\u2019heure, les d\u00e9clarations des autorit\u00e9s maliennes ne font qu\u2019attiser le feu dans une r\u00e9gion d\u00e9j\u00e0 en \u00e9bullition.<\/p>\n<p>La R\u00e9daction<\/p>\n","protected":false},"excerpt":{"rendered":"<p>Des accusations formul\u00e9es par un responsable malien, mettant en cause l\u2019Union europ\u00e9enne, l\u2019Alg\u00e9rie et la Mauritanie dans un suppos\u00e9 soutien aux groupes terroristes, qui ont r\u00e9cemment attaqu\u00e9 plusieurs villes maliennes dont Bamako suscitent scepticisme et incompr\u00e9hension. Des all\u00e9gations difficilement cr\u00e9dibles et encore moins s\u2019agissant de la Mauritanie. Cette derni\u00e8re qui a \u00e9t\u00e9 la premi\u00e8re \u00e0 &hellip;<\/p>\n","protected":false},"author":2,"featured_media":21594,"comment_status":"open","ping_status":"open","sticky":false,"template":"","format":"standard","meta":{"footnotes":""},"categories":[18,29,31,28],"tags":[],"class_list":["post-21593","post","type-post","status-publish","format-standard","has-post-thumbnail","hentry","category-actualites","category-monde","category-politique-et-reportages","category-sahel"],"_links":{"self":[{"href":"https:\/\/ladepeche.mr\/index.php?rest_route=\/wp\/v2\/posts\/21593","targetHints":{"allow":["GET"]}}],"collection":[{"href":"https:\/\/ladepeche.mr\/index.php?rest_route=\/wp\/v2\/posts"}],"about":[{"href":"https:\/\/ladepeche.mr\/index.php?rest_route=\/wp\/v2\/types\/post"}],"author":[{"embeddable":true,"href":"https:\/\/ladepeche.mr\/index.php?rest_route=\/wp\/v2\/users\/2"}],"replies":[{"embeddable":true,"href":"https:\/\/ladepeche.mr\/index.php?rest_route=%2Fwp%2Fv2%2Fcomments&post=21593"}],"version-history":[{"count":5,"href":"https:\/\/ladepeche.mr\/index.php?rest_route=\/wp\/v2\/posts\/21593\/revisions"}],"predecessor-version":[{"id":21606,"href":"https:\/\/ladepeche.mr\/index.php?rest_route=\/wp\/v2\/posts\/21593\/revisions\/21606"}],"wp:featuredmedia":[{"embeddable":true,"href":"https:\/\/ladepeche.mr\/index.php?rest_route=\/wp\/v2\/media\/21594"}],"wp:attachment":[{"href":"https:\/\/ladepeche.mr\/index.php?rest_route=%2Fwp%2Fv2%2Fmedia&parent=21593"}],"wp:term":[{"taxonomy":"category","embeddable":true,"href":"https:\/\/ladepeche.mr\/index.php?rest_route=%2Fwp%2Fv2%2Fcategories&post=21593"},{"taxonomy":"post_tag","embeddable":true,"href":"https:\/\/ladepeche.mr\/index.php?rest_route=%2Fwp%2Fv2%2Ftags&post=21593"}],"curies":[{"name":"wp","href":"https:\/\/api.w.org\/{rel}","templated":true}]}}