{"id":21607,"date":"2026-04-29T11:45:23","date_gmt":"2026-04-29T11:45:23","guid":{"rendered":"https:\/\/ladepeche.mr\/?p=21607"},"modified":"2026-04-29T11:30:44","modified_gmt":"2026-04-29T11:30:44","slug":"sahara-le-canada-prend-note-de-la-resolution-2797-et-reconnait-officiellement-le-plan-dautonomie-marocain","status":"publish","type":"post","link":"https:\/\/ladepeche.mr\/?p=21607","title":{"rendered":"Sahara : Le Canada prend note de la r\u00e9solution 2797 et reconna\u00eet officiellement le plan d\u2019autonomie marocain"},"content":{"rendered":"<p>Le Canada &#8220;reconna\u00eet le plan d\u2019autonomie&#8221; propos\u00e9 par le Maroc &#8220;comme base pour une solution mutuellement acceptable&#8221; au diff\u00e9rend r\u00e9gional autour du Sahara.<\/p>\n<p>Cette position a \u00e9t\u00e9 exprim\u00e9e dans un communiqu\u00e9 diffus\u00e9, ce mardi \u00e0 Ottawa, par le minist\u00e8re canadien des Affaires \u00e9trang\u00e8res, suite \u00e0 un entretien t\u00e9l\u00e9phonique qui a eu lieu pr\u00e9c\u00e9demment entre Mme Anita Indira Anand, ministre des Affaires \u00e9trang\u00e8res du Canada, et M. Nasser Bourita, ministre des Affaires \u00e9trang\u00e8res, de la Coop\u00e9ration africaine et des Marocains r\u00e9sidant \u00e0 l\u2019\u00e9tranger.<\/p>\n<p>Le communiqu\u00e9 souligne, en outre, que conscient de &#8220;l\u2019importance&#8221; de la question du Sahara pour le Maroc, le Canada prend note de la r\u00e9solution 2797 du Conseil de s\u00e9curit\u00e9 des Nations Unies du 31 octobre 2025, dont il tire les cons\u00e9quences.<\/p>\n<p>Tout en affirmant &#8220;la n\u00e9cessit\u00e9 de parvenir \u00e0 un r\u00e8glement politique durable, juste et mutuellement acceptable, conform\u00e9ment aux principes de la Charte des Nations Unies et aux r\u00e9solutions pertinentes du Conseil de s\u00e9curit\u00e9&#8221;, le communiqu\u00e9 du minist\u00e8re canadien caract\u00e9rise le plan d\u2019autonomie propos\u00e9 par le Maroc &#8220;comme initiative s\u00e9rieuse et cr\u00e9dible visant \u00e0 parvenir \u00e0 un r\u00e8glement juste et durable au conflit&#8221;.<\/p>\n<p>Ce changement de position du Canada intervient en amont d\u2019une &#8220;visite officielle au Maroc&#8221; de la ministre Anand &#8220;dans les semaines \u00e0 venir&#8221;, qui sera l\u2019occasion &#8220;d&#8217;approfondir le dialogue sur les relations entre les deux pays et d&#8217;intensifier les discussions sur le Sahara&#8221;, conclut le communiqu\u00e9.<\/p>\n<p>(avec m\u00e9dias)<\/p>\n","protected":false},"excerpt":{"rendered":"<p>Le Canada &#8220;reconna\u00eet le plan d\u2019autonomie&#8221; propos\u00e9 par le Maroc &#8220;comme base pour une solution mutuellement acceptable&#8221; au diff\u00e9rend r\u00e9gional autour du Sahara. Cette position a \u00e9t\u00e9 exprim\u00e9e dans un communiqu\u00e9 diffus\u00e9, ce mardi \u00e0 Ottawa, par le minist\u00e8re canadien des Affaires \u00e9trang\u00e8res, suite \u00e0 un entretien t\u00e9l\u00e9phonique qui a eu lieu pr\u00e9c\u00e9demment entre Mme &hellip;<\/p>\n","protected":false},"author":2,"featured_media":21608,"comment_status":"open","ping_status":"open","sticky":false,"template":"","format":"standard","meta":{"footnotes":""},"categories":[18,29],"tags":[],"class_list":["post-21607","post","type-post","status-publish","format-standard","has-post-thumbnail","hentry","category-actualites","category-monde"],"_links":{"self":[{"href":"https:\/\/ladepeche.mr\/index.php?rest_route=\/wp\/v2\/posts\/21607","targetHints":{"allow":["GET"]}}],"collection":[{"href":"https:\/\/ladepeche.mr\/index.php?rest_route=\/wp\/v2\/posts"}],"about":[{"href":"https:\/\/ladepeche.mr\/index.php?rest_route=\/wp\/v2\/types\/post"}],"author":[{"embeddable":true,"href":"https:\/\/ladepeche.mr\/index.php?rest_route=\/wp\/v2\/users\/2"}],"replies":[{"embeddable":true,"href":"https:\/\/ladepeche.mr\/index.php?rest_route=%2Fwp%2Fv2%2Fcomments&post=21607"}],"version-history":[{"count":1,"href":"https:\/\/ladepeche.mr\/index.php?rest_route=\/wp\/v2\/posts\/21607\/revisions"}],"predecessor-version":[{"id":21609,"href":"https:\/\/ladepeche.mr\/index.php?rest_route=\/wp\/v2\/posts\/21607\/revisions\/21609"}],"wp:featuredmedia":[{"embeddable":true,"href":"https:\/\/ladepeche.mr\/index.php?rest_route=\/wp\/v2\/media\/21608"}],"wp:attachment":[{"href":"https:\/\/ladepeche.mr\/index.php?rest_route=%2Fwp%2Fv2%2Fmedia&parent=21607"}],"wp:term":[{"taxonomy":"category","embeddable":true,"href":"https:\/\/ladepeche.mr\/index.php?rest_route=%2Fwp%2Fv2%2Fcategories&post=21607"},{"taxonomy":"post_tag","embeddable":true,"href":"https:\/\/ladepeche.mr\/index.php?rest_route=%2Fwp%2Fv2%2Ftags&post=21607"}],"curies":[{"name":"wp","href":"https:\/\/api.w.org\/{rel}","templated":true}]}}