{"id":21610,"date":"2026-04-29T12:51:36","date_gmt":"2026-04-29T12:51:36","guid":{"rendered":"https:\/\/ladepeche.mr\/?p=21610"},"modified":"2026-04-29T13:16:48","modified_gmt":"2026-04-29T13:16:48","slug":"ligne-haut-tension-rim-mali-le-troncon-du-projet-kiffa-tintane-aioun-mis-en-orbite","status":"publish","type":"post","link":"https:\/\/ladepeche.mr\/?p=21610","title":{"rendered":"Ligne Haut Tension RIM-Mali : le tron\u00e7on du projet Kiffa-Tintane-Aioun mis en orbite"},"content":{"rendered":"<p>La Mauritanie franchit une nouvelle \u00e9tape dans le renforcement de ses infrastructures \u00e9nerg\u00e9tiques avec la signature des contrats de r\u00e9alisation du projet d\u2019interconnexion \u00e9lectrique haute tension 225 kV avec le Mali, coupl\u00e9 au d\u00e9veloppement de centrales solaires (PIEM). La partie malienne Kayes-Y\u00e9liman\u00e9 \u00e9tait tributaire des arrangements avec la BOAD et le FAD.<\/p>\n<p>Au c\u0153ur du dispositif, la construction de la phase 1 d\u2019une ligne \u00e9lectrique reliant Kiffa \u00e0 Tintane (114 km), puis Tintane \u00e0 A\u00efoun (70 km), accompagn\u00e9e de postes de transformation modernes destin\u00e9s \u00e0 assurer une distribution fiable et continue de l\u2019\u00e9lectricit\u00e9. D\u2019un co\u00fbt estim\u00e9 \u00e0 135 millions de dollars pour ce tron\u00e7on, le projet b\u00e9n\u00e9ficie du soutien de partenaires internationaux, dont le Groupe de la Banque africaine de d\u00e9veloppement, le Fonds d\u2019investissement climatique et le Fonds de l\u2019OPEP pour le d\u00e9veloppement international.<\/p>\n<p data-start=\"960\" data-end=\"1420\">Mais au-del\u00e0 des chiffres, c\u2019est surtout l\u2019impact attendu qui retient l\u2019attention. Cette interconnexion devrait permettre d\u2019am\u00e9liorer significativement l\u2019acc\u00e8s \u00e0 l\u2019\u00e9lectricit\u00e9 dans plusieurs r\u00e9gions de l\u2019int\u00e9rieur, longtemps confront\u00e9es \u00e0 un d\u00e9ficit \u00e9nerg\u00e9tique. Elle contribuera ainsi \u00e0 r\u00e9duire les in\u00e9galit\u00e9s territoriales, tout en soutenant le d\u00e9veloppement d\u2019activit\u00e9s \u00e9conomiques locales, notamment dans les secteurs agricole, artisanal et des services.<\/p>\n<p data-start=\"1422\" data-end=\"1820\">Le projet s\u2019inscrit \u00e9galement dans une dynamique r\u00e9gionale d\u2019int\u00e9gration \u00e9nerg\u00e9tique, en facilitant les \u00e9changes d\u2019\u00e9lectricit\u00e9 entre la Mauritanie et le Mali o\u00f9 la Sogem malgr\u00e9 les difficult\u00e9s li\u00e9es au paiement par les SdE a maintenu les projets en vie gr\u00e2ce \u00e0 un programme d&#8217;investissement r\u00e9fl\u00e9chi. Une interconnexion qui renforce la r\u00e9silience des r\u00e9seaux, optimise les co\u00fbts de production et ouvre la voie \u00e0 une meilleure exploitation des ressources \u00e9nerg\u00e9tiques, notamment solaires, dans le cadre de l\u2019initiative \u00ab Desert to Power \u00bb.<\/p>\n<p data-start=\"1822\" data-end=\"2217\">\u00c0 moyen terme, les retomb\u00e9es attendues sont multiples : cr\u00e9ation d\u2019emplois, stimulation de l\u2019investissement priv\u00e9, am\u00e9lioration des services sociaux de base et \u00e9mergence de nouvelles cha\u00eenes de valeur autour de l\u2019\u00e9nergie. Le d\u00e9veloppement de centrales solaires associ\u00e9es vient par ailleurs consolider l\u2019orientation vers un mix \u00e9nerg\u00e9tique plus durable et moins d\u00e9pendant des \u00e9nergies fossiles.<\/p>\n<p data-start=\"2219\" data-end=\"2459\">Int\u00e9gr\u00e9 \u00e0 un programme plus large, dont la \u00ab ligne de l\u2019espoir \u00bb reliant Nouakchott \u00e0 N\u00e9ma constitue l\u2019\u00e9pine dorsale, ce projet illustre la volont\u00e9 des autorit\u00e9s de faire de l\u2019\u00e9lectricit\u00e9 un pilier central des politiques de d\u00e9veloppement.<\/p>\n<p data-start=\"2461\" data-end=\"2794\" data-is-last-node=\"\" data-is-only-node=\"\">Dans un contexte r\u00e9gional marqu\u00e9 par de nombreux d\u00e9fis, le PIEM appara\u00eet ainsi comme un investissement structurant visant \u00e0 transformer durablement les conditions de vie des populations et de renforcer l\u2019int\u00e9gration \u00e9conomique au sein de l\u2019espace de l\u2019Organisation pour la mise en valeur du fleuve S\u00e9n\u00e9gal.<\/p>\n<p>(avec Ami)<\/p>\n","protected":false},"excerpt":{"rendered":"<p>La Mauritanie franchit une nouvelle \u00e9tape dans le renforcement de ses infrastructures \u00e9nerg\u00e9tiques avec la signature des contrats de r\u00e9alisation du projet d\u2019interconnexion \u00e9lectrique haute tension 225 kV avec le Mali, coupl\u00e9 au d\u00e9veloppement de centrales solaires (PIEM). La partie malienne Kayes-Y\u00e9liman\u00e9 \u00e9tait tributaire des arrangements avec la BOAD et le FAD. Au c\u0153ur du &hellip;<\/p>\n","protected":false},"author":2,"featured_media":21611,"comment_status":"open","ping_status":"open","sticky":false,"template":"","format":"standard","meta":{"footnotes":""},"categories":[18,2,28],"tags":[],"class_list":["post-21610","post","type-post","status-publish","format-standard","has-post-thumbnail","hentry","category-actualites","category-economie","category-sahel"],"_links":{"self":[{"href":"https:\/\/ladepeche.mr\/index.php?rest_route=\/wp\/v2\/posts\/21610","targetHints":{"allow":["GET"]}}],"collection":[{"href":"https:\/\/ladepeche.mr\/index.php?rest_route=\/wp\/v2\/posts"}],"about":[{"href":"https:\/\/ladepeche.mr\/index.php?rest_route=\/wp\/v2\/types\/post"}],"author":[{"embeddable":true,"href":"https:\/\/ladepeche.mr\/index.php?rest_route=\/wp\/v2\/users\/2"}],"replies":[{"embeddable":true,"href":"https:\/\/ladepeche.mr\/index.php?rest_route=%2Fwp%2Fv2%2Fcomments&post=21610"}],"version-history":[{"count":3,"href":"https:\/\/ladepeche.mr\/index.php?rest_route=\/wp\/v2\/posts\/21610\/revisions"}],"predecessor-version":[{"id":21614,"href":"https:\/\/ladepeche.mr\/index.php?rest_route=\/wp\/v2\/posts\/21610\/revisions\/21614"}],"wp:featuredmedia":[{"embeddable":true,"href":"https:\/\/ladepeche.mr\/index.php?rest_route=\/wp\/v2\/media\/21611"}],"wp:attachment":[{"href":"https:\/\/ladepeche.mr\/index.php?rest_route=%2Fwp%2Fv2%2Fmedia&parent=21610"}],"wp:term":[{"taxonomy":"category","embeddable":true,"href":"https:\/\/ladepeche.mr\/index.php?rest_route=%2Fwp%2Fv2%2Fcategories&post=21610"},{"taxonomy":"post_tag","embeddable":true,"href":"https:\/\/ladepeche.mr\/index.php?rest_route=%2Fwp%2Fv2%2Ftags&post=21610"}],"curies":[{"name":"wp","href":"https:\/\/api.w.org\/{rel}","templated":true}]}}