{"id":21615,"date":"2026-04-29T18:46:20","date_gmt":"2026-04-29T18:46:20","guid":{"rendered":"https:\/\/ladepeche.mr\/?p=21615"},"modified":"2026-04-29T18:47:03","modified_gmt":"2026-04-29T18:47:03","slug":"rim-oran-forum-strategique-majeur-pour-renforcer-la-securite-au-sahel","status":"publish","type":"post","link":"https:\/\/ladepeche.mr\/?p=21615","title":{"rendered":"RIM-Otan: forum strat\u00e9gique majeur pour renforcer la s\u00e9curit\u00e9 au Sahel"},"content":{"rendered":"<p>Le ministre de la D\u00e9fense, des Affaires des Retrait\u00e9s et des Enfants des Martyrs, Hanenna Ould Sidi, a pr\u00e9sid\u00e9 \u00e0 Nouakchott l\u2019ouverture du Forum mondial sur le leadership de terrain pour la r\u00e9gion du Sahel, en pr\u00e9sence de plusieurs membres du gouvernement et de hauts responsables militaires, marquant une \u00e9tape importante dans le renforcement de la coop\u00e9ration s\u00e9curitaire r\u00e9gionale et internationale.<\/p>\n<p>Organis\u00e9 conjointement par l\u2019\u00e9tat-major g\u00e9n\u00e9ral des arm\u00e9es et le Coll\u00e8ge de d\u00e9fense de l\u2019OTAN, ce forum vise \u00e0 consolider la r\u00e9flexion strat\u00e9gique des d\u00e9cideurs et \u00e0 encourager le partage d\u2019exp\u00e9riences face aux d\u00e9fis s\u00e9curitaires complexes dans le Sahel, notamment le terrorisme, la criminalit\u00e9 organis\u00e9e et la migration irr\u00e9guli\u00e8re.<\/p>\n<p>Dans son allocution, le ministre a salu\u00e9 les efforts conjoints des organisateurs pour assurer la qualit\u00e9 et la r\u00e9gularit\u00e9 de cette plateforme, soulignant que cette rencontre traduit une volont\u00e9 commune de la Mauritanie et de ses partenaires de mieux anticiper et contrer les menaces s\u00e9curitaires. Il a insist\u00e9 sur la n\u00e9cessit\u00e9 d\u2019une coordination accrue et d\u2019une solidarit\u00e9 renforc\u00e9e pour faire face \u00e0 des d\u00e9fis de plus en plus transnationaux.<\/p>\n<p>Hanenna Ould Sidi a \u00e9galement inscrit cette dynamique dans la vision du pr\u00e9sident de la R\u00e9publique, Mohamed Ould Cheikh El Ghazouani, qui fait de la coop\u00e9ration internationale un pilier central de la strat\u00e9gie de s\u00e9curit\u00e9 nationale. Citant une intervention du chef de l\u2019\u00c9tat devant le Conseil de l\u2019OTAN, il a rappel\u00e9 que les crises s\u00e9curitaires, o\u00f9 qu\u2019elles surviennent, ont des r\u00e9percussions globales et exigent des r\u00e9ponses concert\u00e9es.<\/p>\n<p>De son c\u00f4t\u00e9, le commandant du Coll\u00e8ge de d\u00e9fense du G5 Sahel, le colonel Mohamed Ahmed Mahmoud El Bennani, a mis en avant l\u2019importance du forum comme cadre d\u2019\u00e9change pour am\u00e9liorer la compr\u00e9hension commune des enjeux s\u00e9curitaires r\u00e9gionaux.<\/p>\n<p>Le commandant du Coll\u00e8ge de d\u00e9fense de l\u2019OTAN, le g\u00e9n\u00e9ral Max Nielsen, a pour sa part qualifi\u00e9 la Mauritanie de partenaire strat\u00e9gique fiable, soulignant son r\u00f4le central dans la stabilit\u00e9 du Sahel. Il a rappel\u00e9 que plus de trente ans de coop\u00e9ration avec l\u2019OTAN ont permis de renforcer les capacit\u00e9s nationales en mati\u00e8re de d\u00e9fense, notamment \u00e0 travers la formation, le partage de renseignements et l\u2019appui \u00e0 la s\u00e9curit\u00e9 maritime.<\/p>\n<p>La tenue de ce forum \u00e0 Nouakchott illustre, selon lui, la position croissante de la Mauritanie comme p\u00f4le r\u00e9gional d\u2019\u00e9change d\u2019expertises et de renforcement des capacit\u00e9s s\u00e9curitaires.<\/p>\n<p>La c\u00e9r\u00e9monie d\u2019ouverture s\u2019est d\u00e9roul\u00e9e en pr\u00e9sence de plusieurs hauts responsables militaires, dont les chefs d\u2019\u00e9tat-major des diff\u00e9rentes composantes des forces arm\u00e9es et de s\u00e9curit\u00e9, ainsi que le wali de Nouakchott Ouest.<\/p>\n","protected":false},"excerpt":{"rendered":"<p>Le ministre de la D\u00e9fense, des Affaires des Retrait\u00e9s et des Enfants des Martyrs, Hanenna Ould Sidi, a pr\u00e9sid\u00e9 \u00e0 Nouakchott l\u2019ouverture du Forum mondial sur le leadership de terrain pour la r\u00e9gion du Sahel, en pr\u00e9sence de plusieurs membres du gouvernement et de hauts responsables militaires, marquant une \u00e9tape importante dans le renforcement de &hellip;<\/p>\n","protected":false},"author":2,"featured_media":21616,"comment_status":"open","ping_status":"open","sticky":false,"template":"","format":"standard","meta":{"footnotes":""},"categories":[18,29,28],"tags":[],"class_list":["post-21615","post","type-post","status-publish","format-standard","has-post-thumbnail","hentry","category-actualites","category-monde","category-sahel"],"_links":{"self":[{"href":"https:\/\/ladepeche.mr\/index.php?rest_route=\/wp\/v2\/posts\/21615","targetHints":{"allow":["GET"]}}],"collection":[{"href":"https:\/\/ladepeche.mr\/index.php?rest_route=\/wp\/v2\/posts"}],"about":[{"href":"https:\/\/ladepeche.mr\/index.php?rest_route=\/wp\/v2\/types\/post"}],"author":[{"embeddable":true,"href":"https:\/\/ladepeche.mr\/index.php?rest_route=\/wp\/v2\/users\/2"}],"replies":[{"embeddable":true,"href":"https:\/\/ladepeche.mr\/index.php?rest_route=%2Fwp%2Fv2%2Fcomments&post=21615"}],"version-history":[{"count":2,"href":"https:\/\/ladepeche.mr\/index.php?rest_route=\/wp\/v2\/posts\/21615\/revisions"}],"predecessor-version":[{"id":21618,"href":"https:\/\/ladepeche.mr\/index.php?rest_route=\/wp\/v2\/posts\/21615\/revisions\/21618"}],"wp:featuredmedia":[{"embeddable":true,"href":"https:\/\/ladepeche.mr\/index.php?rest_route=\/wp\/v2\/media\/21616"}],"wp:attachment":[{"href":"https:\/\/ladepeche.mr\/index.php?rest_route=%2Fwp%2Fv2%2Fmedia&parent=21615"}],"wp:term":[{"taxonomy":"category","embeddable":true,"href":"https:\/\/ladepeche.mr\/index.php?rest_route=%2Fwp%2Fv2%2Fcategories&post=21615"},{"taxonomy":"post_tag","embeddable":true,"href":"https:\/\/ladepeche.mr\/index.php?rest_route=%2Fwp%2Fv2%2Ftags&post=21615"}],"curies":[{"name":"wp","href":"https:\/\/api.w.org\/{rel}","templated":true}]}}