{"id":21619,"date":"2026-04-29T21:42:19","date_gmt":"2026-04-29T21:42:19","guid":{"rendered":"https:\/\/ladepeche.mr\/?p=21619"},"modified":"2026-04-29T21:42:19","modified_gmt":"2026-04-29T21:42:19","slug":"la-flottille-de-la-liberte-interceptee-par-israel-dans-les-eaux-internationales","status":"publish","type":"post","link":"https:\/\/ladepeche.mr\/?p=21619","title":{"rendered":"La flottille de la Libert\u00e9 intercept\u00e9e par Isra\u00ebl dans les eaux internationales"},"content":{"rendered":"<p>Selon les organisateurs de la flottille Sumud, un total de 58 navires engag\u00e9s dans cette mission de solidarit\u00e9 se trouvaient en mer lorsqu\u2019une intervention de la marine isra\u00e9lienne est survenue \u00e0 proximit\u00e9 des c\u00f4tes grecques. \u00c0 la suite de cette op\u00e9ration, une dizaine de bateaux manqueraient \u00e0 l\u2019appel, sans que leur situation pr\u00e9cise ne soit encore totalement clarifi\u00e9e.<\/p>\n<p>Malgr\u00e9 ces d\u00e9veloppements, les coordinateurs de l\u2019initiative assurent que la mobilisation se poursuit. Ils annoncent l\u2019arriv\u00e9e prochaine d\u2019une vingtaine de navires suppl\u00e9mentaires en provenance de Turquie, d\u00e9termin\u00e9s \u00e0 rejoindre l\u2019op\u00e9ration en cours. Au total, des militants et volontaires issus d\u2019au moins 72 nationalit\u00e9s participent \u00e0 cette mission, illustrant l\u2019ampleur du soutien international \u00e0 cette action.<\/p>\n<p>La flottille s\u2019inscrit dans la continuit\u00e9 des campagnes men\u00e9es depuis 2010 par la Coalition de la flottille de la libert\u00e9, un r\u00e9seau international d\u2019organisations engag\u00e9 contre le blocus de Gaza. Ces missions maritimes ont pour objectif de livrer une aide humanitaire et de d\u00e9noncer les restrictions impos\u00e9es \u00e0 la population locale du fait du prince par le gouvernement isra\u00e9lien.<\/p>\n<p>Parmi les navires associ\u00e9s \u00e0 cette dynamique figurent notamment le <em>Conscience<\/em>, le <em>Madleen<\/em> et le <em>Handala<\/em>, d\u00e9j\u00e0 impliqu\u00e9s dans des tentatives pr\u00e9c\u00e9dentes. Plusieurs de ces embarcations ont, par le pass\u00e9, \u00e9t\u00e9 intercept\u00e9es ou emp\u00each\u00e9es d\u2019atteindre leur destination par les forces isra\u00e9liennes.<\/p>\n<p>Depuis l\u2019instauration du blocus en 2007, renforc\u00e9 au fil des ann\u00e9es, notamment dans le contexte des r\u00e9cents conflits, la question de son impact humanitaire demeure au c\u0153ur des pr\u00e9occupations internationales. Les organisateurs des flottilles et de nombreuses ONG d\u00e9noncent une situation humanitaire critique et appellent \u00e0 un acc\u00e8s sans entrave \u00e0 Gaza qu\u2019Israel g\u00e8re de facto par son agression du territoire.<\/p>\n<p>Malgr\u00e9 les obstacles rencontr\u00e9s en mer, et l\u2019initiative du pr\u00e9sident am\u00e9ricain, les initiateurs de la flottille Sumud affirment leur d\u00e9termination \u00e0 poursuivre leurs efforts, estimant que la pression internationale reste un levier essentiel pour attirer l\u2019attention sur la situation dans la bande de Gaza depuis plus de deux ans sous l\u2019emprise de la force l\u00e9tale isra\u00e9lienne.<\/p>\n","protected":false},"excerpt":{"rendered":"<p>Selon les organisateurs de la flottille Sumud, un total de 58 navires engag\u00e9s dans cette mission de solidarit\u00e9 se trouvaient en mer lorsqu\u2019une intervention de la marine isra\u00e9lienne est survenue \u00e0 proximit\u00e9 des c\u00f4tes grecques. \u00c0 la suite de cette op\u00e9ration, une dizaine de bateaux manqueraient \u00e0 l\u2019appel, sans que leur situation pr\u00e9cise ne soit &hellip;<\/p>\n","protected":false},"author":2,"featured_media":21620,"comment_status":"open","ping_status":"open","sticky":false,"template":"","format":"standard","meta":{"footnotes":""},"categories":[18,29],"tags":[],"class_list":["post-21619","post","type-post","status-publish","format-standard","has-post-thumbnail","hentry","category-actualites","category-monde"],"_links":{"self":[{"href":"https:\/\/ladepeche.mr\/index.php?rest_route=\/wp\/v2\/posts\/21619","targetHints":{"allow":["GET"]}}],"collection":[{"href":"https:\/\/ladepeche.mr\/index.php?rest_route=\/wp\/v2\/posts"}],"about":[{"href":"https:\/\/ladepeche.mr\/index.php?rest_route=\/wp\/v2\/types\/post"}],"author":[{"embeddable":true,"href":"https:\/\/ladepeche.mr\/index.php?rest_route=\/wp\/v2\/users\/2"}],"replies":[{"embeddable":true,"href":"https:\/\/ladepeche.mr\/index.php?rest_route=%2Fwp%2Fv2%2Fcomments&post=21619"}],"version-history":[{"count":1,"href":"https:\/\/ladepeche.mr\/index.php?rest_route=\/wp\/v2\/posts\/21619\/revisions"}],"predecessor-version":[{"id":21621,"href":"https:\/\/ladepeche.mr\/index.php?rest_route=\/wp\/v2\/posts\/21619\/revisions\/21621"}],"wp:featuredmedia":[{"embeddable":true,"href":"https:\/\/ladepeche.mr\/index.php?rest_route=\/wp\/v2\/media\/21620"}],"wp:attachment":[{"href":"https:\/\/ladepeche.mr\/index.php?rest_route=%2Fwp%2Fv2%2Fmedia&parent=21619"}],"wp:term":[{"taxonomy":"category","embeddable":true,"href":"https:\/\/ladepeche.mr\/index.php?rest_route=%2Fwp%2Fv2%2Fcategories&post=21619"},{"taxonomy":"post_tag","embeddable":true,"href":"https:\/\/ladepeche.mr\/index.php?rest_route=%2Fwp%2Fv2%2Ftags&post=21619"}],"curies":[{"name":"wp","href":"https:\/\/api.w.org\/{rel}","templated":true}]}}