{"id":21622,"date":"2026-04-30T09:37:56","date_gmt":"2026-04-30T09:37:56","guid":{"rendered":"https:\/\/ladepeche.mr\/?p=21622"},"modified":"2026-04-30T09:37:56","modified_gmt":"2026-04-30T09:37:56","slug":"le-conseil-des-ministres-adopte-un-projet-de-loi-portant-sur-les-principes-fondamentaux-visant-a-renforcer-la-gestion-integree-et-durable-du-littoral-mauritanien","status":"publish","type":"post","link":"https:\/\/ladepeche.mr\/?p=21622","title":{"rendered":"Le Conseil des ministres adopte un projet de loi portant sur les principes fondamentaux visant \u00e0 renforcer la gestion int\u00e9gr\u00e9e et durable du littoral mauritanien"},"content":{"rendered":"<p>Le Conseil des Ministres s\u2019est r\u00e9uni le mercredi 29 avril 2026, sous la Pr\u00e9sidence de Son Excellence Monsieur Mohamed OULD CHEIKH EL-GHAZOUANI, Pr\u00e9sident de la R\u00e9publique.<\/p>\n<p>Le Conseil a examin\u00e9 et adopt\u00e9 les projets de textes suivants :<\/p>\n<p>\u2010 Projet de loi relatif au Littoral.<\/p>\n<p>Le pr\u00e9sent projet de loi a pour objet d\u2019\u00e9tablir les principes fondamentaux destin\u00e9s \u00e0 promouvoir la gestion int\u00e9gr\u00e9e et durable du littoral mauritanien et de d\u00e9finir les r\u00e8gles relatives \u00e0 l\u2019am\u00e9nagement, \u00e0 la protection, \u00e0 la gestion et \u00e0 la valorisation du littoral.<\/p>\n<p>\u2010 Projet de d\u00e9cret portant nomination du Pr\u00e9sident du Conseil d\u2019Administration du Centre National des Op\u00e9rations d\u2019Urgence en Sant\u00e9 Publique (MELADH).<\/p>\n<p>\u2010 Projet de d\u00e9cret portant nomination des membres du Conseil d\u2019Administration de l\u2019Ecole de Sant\u00e9 Publique de N\u00e9ma.<\/p>\n<p>\u2010 Projet de d\u00e9cret portant nomination des membres du Conseil d\u2019Administration du Centre Hospitalier d\u2019Atar.<\/p>\n<p>\u2010 Projet de d\u00e9cret portant application de la loi 2025-034 du 30 juillet 2025 relative \u00e0 l\u2019organisation de l\u2019activit\u00e9 industrielle en Mauritanie.<\/p>\n<p>Le pr\u00e9sent projet de d\u00e9cret a pour objet de fixer les modalit\u00e9s d\u2019application de la loi n\u00b02025-034 du 30 juillet 2025 portant organisation de l\u2019activit\u00e9 industrielle en Mauritanie. Cette loi constitue un pilier de la r\u00e9forme engag\u00e9e par le Gouvernement pour doter le pays d\u2019un cadre r\u00e9glementaire moderne et adapt\u00e9 \u00e0 un secteur industriel en expansion, et r\u00e9pondre aux besoins croissants en mati\u00e8re de structuration, de contr\u00f4le et de qualit\u00e9 des activit\u00e9s industrielles.<\/p>\n<p>L\u2019objectif poursuivi est d\u2019assurer :<\/p>\n<p>\u2013 Une organisation coh\u00e9rente du secteur ;<\/p>\n<p>\u2013 Une conformit\u00e9 des unit\u00e9s industrielles aux normes techniques, environnementales et sociales ;<\/p>\n<p>\u2013 Une transparence accrue des proc\u00e9dures administratives ;<\/p>\n<p>\u2013 Une meilleure protection des consommateurs et de l\u2019environnement ;<\/p>\n<p>\u2013 Un renforcement de la comp\u00e9titivit\u00e9 industrielle.<\/p>\n<p>\u2010 Projet de d\u00e9cret relatif \u00e0 l\u2019octroi d\u2019un permis d\u2019exploitation n\u00b03725C pour les substances du groupe 2 (sable noir) dans la zone de Tiguent au profit de la Soci\u00e9t\u00e9 MAURIMINE SA.<\/p>\n<p>\u2010 Projet de d\u00e9cret portant octroi de deux (2) permis d\u2019exploitation n\u00b03818C2 et n\u00b03819C2 pour les substances du groupe 2 (sable noir) dans la zone de Tiguent au profit de certaines Soci\u00e9t\u00e9s.<\/p>\n<p>Dans le cadre de la politique nationale de valorisation des ressources mini\u00e8res, le Gouvernement mauritanien s\u2019emploie \u00e0 promouvoir le d\u00e9veloppement des projets d\u2019exploitation mini\u00e8re et \u00e0 renforcer la contribution du secteur extractif \u00e0 l\u2019\u00e9conomie nationale.<\/p>\n<p>Dans ce contexte, les deux projets de d\u00e9crets visent \u00e0 accorder des permis d\u2019exploitation \u00e0 ces soci\u00e9t\u00e9s apr\u00e8s qu\u2019elles aient pay\u00e9 des droits et redevances aff\u00e9rents \u00e0 leur octroi.<\/p>\n<p>\u2010 Projet de d\u00e9cret portant extension du permis de recherche mini\u00e8re n\u00b02977 pour les substances du groupe 2 dans la zone d\u2019Iguidi Sud (Wilaya de Tiris Zemmour) au profit de la Soci\u00e9t\u00e9 Emiral Mining.<\/p>\n<p>Cette extension vise \u00e0 renforcer la continuit\u00e9 g\u00e9ologique du p\u00e9rim\u00e8tre initial du permis et \u00e0 optimiser les travaux de recherche en int\u00e9grant des zones \u00e0 potentiel minier av\u00e9r\u00e9. Elle permettra \u00e9galement d\u2019am\u00e9liorer la coh\u00e9rence des programmes d\u2019exploration en cours et d\u2019encourager la poursuite des investissements dans une zone strat\u00e9gique de la Dorsale de Reguibat.<\/p>\n<p>Ce permis atteint, apr\u00e8s une extension de 6 km\u00b2, une superficie totale de 375 km\u00b2.<\/p>\n<p>\u2010 Projet de d\u00e9cret portant extension du permis de recherche mini\u00e8re n\u00b03279 pour les substances du groupe 5 dans la zone de Sud Inal (Wilaya de l\u2019Inchiri) au profit de la Soci\u00e9t\u00e9 Zilai Mining Mauritania Sarl.<\/p>\n<p>Cette extension permettra d\u2019\u00e9largir le p\u00e9rim\u00e8tre de recherche \u00e0 des structures g\u00e9ologiques favorables et de consolider les r\u00e9sultats des travaux d\u2019exploration d\u00e9j\u00e0 r\u00e9alis\u00e9s. Elle contribuera \u00e9galement \u00e0 augmenter les chances de mise en \u00e9vidence de ressources \u00e9conomiquement exploitables et \u00e0 renforcer l\u2019attractivit\u00e9 de la zone d\u2019Inchiri pour les investissements miniers.<\/p>\n<p>Ce permis atteint, apr\u00e8s une extension de 68 km\u00b2, une superficie totale de 328 km\u00b2.<\/p>\n<p>Le Ministre des Affaires Etrang\u00e8res, de la Coop\u00e9ration Africaine et des Mauritaniens de l\u2019Ext\u00e9rieur a pr\u00e9sent\u00e9 une communication relative \u00e0 la situation internationale.<\/p>\n<p>Le Ministre de l\u2019Int\u00e9rieur, de la Promotion de la D\u00e9centralisation et du D\u00e9veloppement Local a pr\u00e9sent\u00e9 une communication relative \u00e0 la situation int\u00e9rieure.<\/p>\n<p>Le Ministre des Affaires Islamiques et de l\u2019Enseignement Originel a pr\u00e9sent\u00e9 une communication relative au programme de renforcement de la pr\u00e9sence territoriale du secteur des Affaires Islamiques (Programme des Mosqu\u00e9es Officielles Locales).<\/p>\n<p>Cette communication vise \u00e0 pr\u00e9senter au Gouvernement les principaux \u00e9l\u00e9ments du Programme de Renforcement de la Pr\u00e9sence Territoriale du Secteur des Affaires Islamiques (Programme des Mosqu\u00e9es Officielles Locales), qui marque une nouvelle \u00e9tape dans l\u2019action de terrain visant \u00e0 moderniser le secteur des Affaires Islamiques et de l\u2019Enseignement Originel et \u00e0 consolider sa pr\u00e9sence \u00e0 l\u2019\u00e9chelle du territoire national.<\/p>\n<p>Ce programme fait suite \u00e0 une lecture approfondie des dysfonctionnements structurels mis en lumi\u00e8re par le diagnostic sectoriel r\u00e9cent. Il ambitionne d\u2019apporter des r\u00e9ponses institutionnelles et organisationnelles propres \u00e0 garantir la coh\u00e9rence du service public religieux local avec les grandes orientations de l\u2019\u00c9tat, dans le cadre d\u2019une politique de r\u00e9forme du secteur, qui entend faire de la mosqu\u00e9e un phare de la souverainet\u00e9 religieuse, un p\u00f4le central pour un discours mod\u00e9r\u00e9, et un levier essentiel du d\u00e9veloppement humain et \u00e9ducatif.<\/p>\n<p>Le Ministre des Mines et de l\u2019Industrie a pr\u00e9sent\u00e9 une communication relative \u00e0 la troisi\u00e8me \u00e9dition de l\u2019Exposition \u00ab Expo Mauritanie 2026 \u00bb.<\/p>\n<p>Cette communication souligne le succ\u00e8s exceptionnel de cette troisi\u00e8me \u00e9dition, qui a d\u00e9pass\u00e9 le simple statut d\u2019\u00e9v\u00e9nement commercial pour devenir un v\u00e9ritable indicateur de la transformation structurelle en cours dans notre \u00e9conomie nationale.<\/p>\n<p>Cette \u00e9dition a r\u00e9v\u00e9l\u00e9 la transition du secteur industriel d\u2019une phase de \u00ab d\u00e9veloppement prudent \u00bb \u00e0 une phase de \u00ab maturit\u00e9 et de croissance acc\u00e9l\u00e9r\u00e9e \u00bb. Le salon s\u2019est transform\u00e9 en une v\u00e9ritable plateforme de valorisation des atouts de la production locale et de r\u00e9duction de la d\u00e9pendance aux importations \u00e9trang\u00e8res, incarnant ainsi la vision de Son Excellence le Pr\u00e9sident de la R\u00e9publique visant \u00e0 atteindre la souverainet\u00e9 \u00e9conomique.<br \/>\nAmi<\/p>\n","protected":false},"excerpt":{"rendered":"<p>Le Conseil des Ministres s\u2019est r\u00e9uni le mercredi 29 avril 2026, sous la Pr\u00e9sidence de Son Excellence Monsieur Mohamed OULD CHEIKH EL-GHAZOUANI, Pr\u00e9sident de la R\u00e9publique. Le Conseil a examin\u00e9 et adopt\u00e9 les projets de textes suivants : \u2010 Projet de loi relatif au Littoral. Le pr\u00e9sent projet de loi a pour objet d\u2019\u00e9tablir les &hellip;<\/p>\n","protected":false},"author":2,"featured_media":21464,"comment_status":"open","ping_status":"open","sticky":false,"template":"","format":"standard","meta":{"footnotes":""},"categories":[18,21],"tags":[],"class_list":["post-21622","post","type-post","status-publish","format-standard","has-post-thumbnail","hentry","category-actualites","category-fluctuations"],"_links":{"self":[{"href":"https:\/\/ladepeche.mr\/index.php?rest_route=\/wp\/v2\/posts\/21622","targetHints":{"allow":["GET"]}}],"collection":[{"href":"https:\/\/ladepeche.mr\/index.php?rest_route=\/wp\/v2\/posts"}],"about":[{"href":"https:\/\/ladepeche.mr\/index.php?rest_route=\/wp\/v2\/types\/post"}],"author":[{"embeddable":true,"href":"https:\/\/ladepeche.mr\/index.php?rest_route=\/wp\/v2\/users\/2"}],"replies":[{"embeddable":true,"href":"https:\/\/ladepeche.mr\/index.php?rest_route=%2Fwp%2Fv2%2Fcomments&post=21622"}],"version-history":[{"count":1,"href":"https:\/\/ladepeche.mr\/index.php?rest_route=\/wp\/v2\/posts\/21622\/revisions"}],"predecessor-version":[{"id":21623,"href":"https:\/\/ladepeche.mr\/index.php?rest_route=\/wp\/v2\/posts\/21622\/revisions\/21623"}],"wp:featuredmedia":[{"embeddable":true,"href":"https:\/\/ladepeche.mr\/index.php?rest_route=\/wp\/v2\/media\/21464"}],"wp:attachment":[{"href":"https:\/\/ladepeche.mr\/index.php?rest_route=%2Fwp%2Fv2%2Fmedia&parent=21622"}],"wp:term":[{"taxonomy":"category","embeddable":true,"href":"https:\/\/ladepeche.mr\/index.php?rest_route=%2Fwp%2Fv2%2Fcategories&post=21622"},{"taxonomy":"post_tag","embeddable":true,"href":"https:\/\/ladepeche.mr\/index.php?rest_route=%2Fwp%2Fv2%2Ftags&post=21622"}],"curies":[{"name":"wp","href":"https:\/\/api.w.org\/{rel}","templated":true}]}}