{"id":2163,"date":"2022-09-30T13:37:27","date_gmt":"2022-09-30T13:37:27","guid":{"rendered":"https:\/\/ladepeche.mr\/?p=2163"},"modified":"2022-09-30T13:37:27","modified_gmt":"2022-09-30T13:37:27","slug":"almouritaniya-ou-donner-de-la-tete","status":"publish","type":"post","link":"https:\/\/ladepeche.mr\/?p=2163","title":{"rendered":"Almouritaniya: O\u00f9 donner de la t\u00eate?"},"content":{"rendered":"<p>La t\u00e9l\u00e9vision nationale &#8220;Al Mouritaniya&#8221; fait parler d\u2019elle suite au sit-in organis\u00e9 par plus d\u2019une centaine de pigistes qui continuent de battre le macadam pour trouver une issue \u00e0 leur embauche, sans succ\u00e8s.  Un lourd h\u00e9ritage que laissent les anciens dirigeants de la Tvm du fait de recrutements dont certains sont abusifs. Sans y trouver la solution idoine, les responsables de la t\u00e9l\u00e9vision continuent de patauger dans cette situation d\u00e9licate.<br \/>\nEn attendant le r\u00e8glement de cette affaire, les pigistes qui appellent l\u2019intervention du Chef de l\u2019Etat, continuent de vivre dans la pr\u00e9carit\u00e9.<\/p>\n","protected":false},"excerpt":{"rendered":"<p>La t\u00e9l\u00e9vision nationale &#8220;Al Mouritaniya&#8221; fait parler d\u2019elle suite au sit-in organis\u00e9 par plus d\u2019une centaine de pigistes qui continuent de battre le macadam pour trouver une issue \u00e0 leur embauche, sans succ\u00e8s. Un lourd h\u00e9ritage que laissent les anciens dirigeants de la Tvm du fait de recrutements dont certains sont abusifs. Sans y trouver &hellip;<\/p>\n","protected":false},"author":2,"featured_media":2164,"comment_status":"open","ping_status":"open","sticky":false,"template":"","format":"standard","meta":{"footnotes":""},"categories":[26],"tags":[],"class_list":["post-2163","post","type-post","status-publish","format-standard","has-post-thumbnail","hentry","category-en-panne"],"_links":{"self":[{"href":"https:\/\/ladepeche.mr\/index.php?rest_route=\/wp\/v2\/posts\/2163","targetHints":{"allow":["GET"]}}],"collection":[{"href":"https:\/\/ladepeche.mr\/index.php?rest_route=\/wp\/v2\/posts"}],"about":[{"href":"https:\/\/ladepeche.mr\/index.php?rest_route=\/wp\/v2\/types\/post"}],"author":[{"embeddable":true,"href":"https:\/\/ladepeche.mr\/index.php?rest_route=\/wp\/v2\/users\/2"}],"replies":[{"embeddable":true,"href":"https:\/\/ladepeche.mr\/index.php?rest_route=%2Fwp%2Fv2%2Fcomments&post=2163"}],"version-history":[{"count":1,"href":"https:\/\/ladepeche.mr\/index.php?rest_route=\/wp\/v2\/posts\/2163\/revisions"}],"predecessor-version":[{"id":2165,"href":"https:\/\/ladepeche.mr\/index.php?rest_route=\/wp\/v2\/posts\/2163\/revisions\/2165"}],"wp:featuredmedia":[{"embeddable":true,"href":"https:\/\/ladepeche.mr\/index.php?rest_route=\/wp\/v2\/media\/2164"}],"wp:attachment":[{"href":"https:\/\/ladepeche.mr\/index.php?rest_route=%2Fwp%2Fv2%2Fmedia&parent=2163"}],"wp:term":[{"taxonomy":"category","embeddable":true,"href":"https:\/\/ladepeche.mr\/index.php?rest_route=%2Fwp%2Fv2%2Fcategories&post=2163"},{"taxonomy":"post_tag","embeddable":true,"href":"https:\/\/ladepeche.mr\/index.php?rest_route=%2Fwp%2Fv2%2Ftags&post=2163"}],"curies":[{"name":"wp","href":"https:\/\/api.w.org\/{rel}","templated":true}]}}