{"id":21633,"date":"2026-04-30T18:12:09","date_gmt":"2026-04-30T18:12:09","guid":{"rendered":"https:\/\/ladepeche.mr\/?p=21633"},"modified":"2026-04-30T18:12:09","modified_gmt":"2026-04-30T18:12:09","slug":"le-maroc-et-les-usa-deux-allies-strategiques-et-partenaires-precieux-selon-le-secretaire-detat-adjoint-americain-christopher-landau","status":"publish","type":"post","link":"https:\/\/ladepeche.mr\/?p=21633","title":{"rendered":"Le Maroc et les USA \u2018\u2019 deux alli\u00e9s strat\u00e9giques et partenaires pr\u00e9cieux\u2019\u2019, selon le Secr\u00e9taire d\u2019Etat Adjoint am\u00e9ricain Christopher Landau"},"content":{"rendered":"<p>Dans le cadre du renforcement du partenariat strat\u00e9gique maroco-am\u00e9ricain, le Secr\u00e9taire d\u2019\u00c9tat Adjoint am\u00e9ricain a effectu\u00e9 une visite officielle au Royaume du Maroc, au cours de laquelle Christopher Landau a tenu une s\u00e9rie d\u2019entretiens avec les autorit\u00e9s marocaines ax\u00e9s sur la coop\u00e9ration bilat\u00e9rale, les enjeux r\u00e9gionaux et les perspectives d\u2019\u00e9largissement de l\u2019alliance entre les deux pays.<\/p>\n<p>Intervenant lors d\u2019un point de presse \u00e0 l\u2019issue de sa rencontre mercredi avec le ministre des Affaires Etrang\u00e8res, M. Nasser Bourita, Christopher Landau a exprim\u00e9 sa reconnaissance \u00e0 Sa Majest\u00e9 le Roi Mohammed VI pour la vision et le leadership qui portent le partenariat maroco-am\u00e9ricain, fort de 250 ans, vers de nouveaux sommets, en saluant la contribution du pr\u00e9sident Donald Trump \u00e0 cette dynamique commune.<\/p>\n<p>Et de pr\u00e9ciser qu\u2019au cours \u2018\u2019 des 250 derni\u00e8res, les \u00c9tats Unis et le Maroc ont partag\u00e9 une histoire commune en tant qu\u2019alli\u00e9s strat\u00e9giques et partenaires pr\u00e9cieux\u2019\u2019. Le responsable am\u00e9ricain a, en outre, rappel\u00e9 la solidit\u00e9 d\u2019une relation historique, illustr\u00e9e par la pr\u00e9sence du plus ancien b\u00e2timent diplomatique am\u00e9ricain \u00e0 Tanger et l\u2019ouverture prochaine d\u2019un nouveau consulat \u00e0 Casablanca. Voil\u00e0 \u00e0 quoi ressemblent un v\u00e9ritable engagement et une relation durable&#8221;, a-t-il soulign\u00e9. Il a par ailleurs qualifi\u00e9 le Maroc de partenaire \u2018\u2019indispensable, stable et strat\u00e9gique, aussi bien en Afrique du Nord qu\u2019\u00e0 l\u2019\u00e9chelle internationale\u2019\u2019.<\/p>\n<p>Sur le dossier du Sahara, les \u00c9tats Unis ont r\u00e9affirm\u00e9 \u2018\u2019 la reconnaissance de la souverainet\u00e9 du Maroc sur le Sahara\u2019\u2019. Dans ce cadre, M. Landau a soulign\u00e9 \u2018\u2019l\u2019engagement des \u00c9tats-Unis en faveur d\u2019une solution pacifique bas\u00e9e sur la derni\u00e8re r\u00e9solution du Conseil de s\u00e9curit\u00e9 (2797) pour parvenir \u00e0 une solution pacifique \u00e0 ce conflit qui a persist\u00e9 pour une dur\u00e9e inacceptable\u2019\u2019, ajoutant que cette \u2018\u2019 situation ne peut attendre encore 50, 150 ou 200 ans pour \u00eatre r\u00e9solue\u2019\u2019.<\/p>\n<p>Il a par la suite \u2018\u2019r\u00e9it\u00e9r\u00e9 le soutien de son pays \u00e0 la proposition marocaine d\u2019autonomie, qu\u2019il consid\u00e8re comme s\u00e9rieuse, cr\u00e9dible et r\u00e9aliste, et comme l\u2019unique base d\u2019un r\u00e8glement juste et durable au diff\u00e9rend territorial\u2019\u2019. Le SG Adjoint des \u00c9tats-Unis a \u00e9galement soulign\u00e9 \u2018\u2019le soutien aux entreprises am\u00e9ricaines souhaitant investir dans les provinces du Sud marocaines\u2019\u2019.<\/p>\n<p>Au sujet de la coop\u00e9ration entre les deux pays, M. Christopher Landau s\u2019est dit \u2018\u2019ravi\u2019\u2019 de voir l\u2019alliance entre les deux pays s\u2019\u00e9tendre au domaine spatial, \u00e0 la suite de l\u2019adh\u00e9sion du Maroc aux Accords d\u2019Artemis. \u2018\u2019 La croissance remarquable des Accords d\u2019Artemis, qui comptent d\u00e9sormais soixante-quatre signataires du monde entier, t\u00e9moigne de l&#8217;attrait universel de leur vision d&#8217;une exploration spatiale responsable&#8221;, a-t-il conclu.<\/p>\n<p>Les Accords d&#8217;Artemis sont un ensemble de principes internationaux visant \u00e0 encadrer l\u2019exploration spatiale civile de mani\u00e8re pacifique et collaborative. Ils encouragent la transparence entre les pays, le partage des donn\u00e9es scientifiques, l\u2019assistance mutuelle en cas de besoin et le respect du Droit international existant, notamment pour l\u2019utilisation des ressources spatiales.<\/p>\n<p>Ces Accords mettent aussi l\u2019accent sur la protection du patrimoine spatial et la durabilit\u00e9 des activit\u00e9s dans l\u2019espace, afin d\u2019\u00e9viter les conflits et de garantir que l\u2019exploration b\u00e9n\u00e9ficie \u00e0 l\u2019ensemble de l\u2019Humanit\u00e9.<br \/>\n(avec m\u00e9dias)<\/p>\n","protected":false},"excerpt":{"rendered":"<p>Dans le cadre du renforcement du partenariat strat\u00e9gique maroco-am\u00e9ricain, le Secr\u00e9taire d\u2019\u00c9tat Adjoint am\u00e9ricain a effectu\u00e9 une visite officielle au Royaume du Maroc, au cours de laquelle Christopher Landau a tenu une s\u00e9rie d\u2019entretiens avec les autorit\u00e9s marocaines ax\u00e9s sur la coop\u00e9ration bilat\u00e9rale, les enjeux r\u00e9gionaux et les perspectives d\u2019\u00e9largissement de l\u2019alliance entre les deux &hellip;<\/p>\n","protected":false},"author":2,"featured_media":21634,"comment_status":"open","ping_status":"open","sticky":false,"template":"","format":"standard","meta":{"footnotes":""},"categories":[18,29],"tags":[],"class_list":["post-21633","post","type-post","status-publish","format-standard","has-post-thumbnail","hentry","category-actualites","category-monde"],"_links":{"self":[{"href":"https:\/\/ladepeche.mr\/index.php?rest_route=\/wp\/v2\/posts\/21633","targetHints":{"allow":["GET"]}}],"collection":[{"href":"https:\/\/ladepeche.mr\/index.php?rest_route=\/wp\/v2\/posts"}],"about":[{"href":"https:\/\/ladepeche.mr\/index.php?rest_route=\/wp\/v2\/types\/post"}],"author":[{"embeddable":true,"href":"https:\/\/ladepeche.mr\/index.php?rest_route=\/wp\/v2\/users\/2"}],"replies":[{"embeddable":true,"href":"https:\/\/ladepeche.mr\/index.php?rest_route=%2Fwp%2Fv2%2Fcomments&post=21633"}],"version-history":[{"count":1,"href":"https:\/\/ladepeche.mr\/index.php?rest_route=\/wp\/v2\/posts\/21633\/revisions"}],"predecessor-version":[{"id":21635,"href":"https:\/\/ladepeche.mr\/index.php?rest_route=\/wp\/v2\/posts\/21633\/revisions\/21635"}],"wp:featuredmedia":[{"embeddable":true,"href":"https:\/\/ladepeche.mr\/index.php?rest_route=\/wp\/v2\/media\/21634"}],"wp:attachment":[{"href":"https:\/\/ladepeche.mr\/index.php?rest_route=%2Fwp%2Fv2%2Fmedia&parent=21633"}],"wp:term":[{"taxonomy":"category","embeddable":true,"href":"https:\/\/ladepeche.mr\/index.php?rest_route=%2Fwp%2Fv2%2Fcategories&post=21633"},{"taxonomy":"post_tag","embeddable":true,"href":"https:\/\/ladepeche.mr\/index.php?rest_route=%2Fwp%2Fv2%2Ftags&post=21633"}],"curies":[{"name":"wp","href":"https:\/\/api.w.org\/{rel}","templated":true}]}}