{"id":21639,"date":"2026-05-01T14:00:05","date_gmt":"2026-05-01T14:00:05","guid":{"rendered":"https:\/\/ladepeche.mr\/?p=21639"},"modified":"2026-05-01T13:53:55","modified_gmt":"2026-05-01T13:53:55","slug":"sahara-berlin-reaffirme-son-soutien-au-plan-dautonomie-sous-souverainete-marocaine-et-inscrit-sa-position-dans-ses-politiques-diplomatiques-et-economiques","status":"publish","type":"post","link":"https:\/\/ladepeche.mr\/?p=21639","title":{"rendered":"Sahara: Berlin r\u00e9affirme son soutien au plan d\u2019autonomie sous souverainet\u00e9 marocaine et inscrit sa position dans ses politiques diplomatiques et \u00e9conomiques"},"content":{"rendered":"<p>A l\u2019issue de la deuxi\u00e8me session du dialogue strat\u00e9gique multidimensionnel Maroc-Allemagne tenue, jeudi \u00e0 Rabat, Berlin confirme que l\u2019initiative d\u2019autonomie propos\u00e9e par le Maroc constitue la base la plus cr\u00e9dible pour r\u00e9soudre le diff\u00e9rend, et annonce vouloir aligner ses actions diplomatiques et \u00e9conomiques sur cette position.<\/p>\n<p>Cette position a \u00e9t\u00e9 exprim\u00e9e dans la d\u00e9claration conjointe adopt\u00e9e \u00e0 l\u2019issue de cette seconde session du Dialogue Maroc-Allemagne tenue entre le ministre des Affaires \u00e9trang\u00e8res, de la Coop\u00e9ration africaine et des Marocains r\u00e9sidant \u00e0 l\u2019\u00e9tranger, M. Nasser Bourita, et son homologue allemand, M. Johann Wadephul.<\/p>\n<p>La R\u00e9publique f\u00e9d\u00e9rale d\u2019Allemagne a salu\u00e9 la r\u00e9solution 2797 adopt\u00e9e par le Conseil de s\u00e9curit\u00e9 des Nations Unies le 31 octobre 2025, affirmant qu\u2019une &#8220;v\u00e9ritable autonomie sous souverainet\u00e9 marocaine pourrait repr\u00e9senter l\u2019issue la plus r\u00e9alisable&#8221; au diff\u00e9rend r\u00e9gional autour du Sahara marocain.<\/p>\n<p>L\u2019Allemagne a r\u00e9affirm\u00e9 la centralit\u00e9 de l\u2019Initiative d\u2019autonomie pr\u00e9sent\u00e9e par le Royaume du Maroc, en d\u00e9clarant \u00e9galement qu\u2019elle consid\u00e8re le plan d\u2019autonomie pr\u00e9sent\u00e9 par le Maroc &#8220;comme base s\u00e9rieuse et cr\u00e9dible pour les n\u00e9gociations&#8221; en vue d\u2019un r\u00e8glement juste, durable et mutuellement acceptable \u00e0 ce diff\u00e9rend r\u00e9gional.<\/p>\n<p>Tout en r\u00e9it\u00e9rant le soutien plein et entier au Secr\u00e9taire g\u00e9n\u00e9ral des Nations Unies et \u00e0 son envoy\u00e9 personnel dans la conduite et la facilitation des n\u00e9gociations &#8220;sur la base du plan marocain d\u2019autonomie&#8221;, Berlin a salu\u00e9 la disposition du Maroc \u00e0 &#8220;expliquer la forme que prendrait l\u2019autonomie sous souverainet\u00e9 marocaine&#8221;, pr\u00e9cise le document conjoint.<\/p>\n<p>Aux termes de la m\u00eame d\u00e9claration conjointe, l\u2019Allemagne s\u2019est engag\u00e9e \u00e0 &#8220;agir conform\u00e9ment \u00e0 cette position sur les plans diplomatique et \u00e9conomique&#8221; dans le respect du droit international, conclut le texte.<\/p>\n<p>(avec m\u00e9dias)<\/p>\n","protected":false},"excerpt":{"rendered":"<p>A l\u2019issue de la deuxi\u00e8me session du dialogue strat\u00e9gique multidimensionnel Maroc-Allemagne tenue, jeudi \u00e0 Rabat, Berlin confirme que l\u2019initiative d\u2019autonomie propos\u00e9e par le Maroc constitue la base la plus cr\u00e9dible pour r\u00e9soudre le diff\u00e9rend, et annonce vouloir aligner ses actions diplomatiques et \u00e9conomiques sur cette position. Cette position a \u00e9t\u00e9 exprim\u00e9e dans la d\u00e9claration conjointe &hellip;<\/p>\n","protected":false},"author":2,"featured_media":21640,"comment_status":"open","ping_status":"open","sticky":false,"template":"","format":"standard","meta":{"footnotes":""},"categories":[18,29],"tags":[],"class_list":["post-21639","post","type-post","status-publish","format-standard","has-post-thumbnail","hentry","category-actualites","category-monde"],"_links":{"self":[{"href":"https:\/\/ladepeche.mr\/index.php?rest_route=\/wp\/v2\/posts\/21639","targetHints":{"allow":["GET"]}}],"collection":[{"href":"https:\/\/ladepeche.mr\/index.php?rest_route=\/wp\/v2\/posts"}],"about":[{"href":"https:\/\/ladepeche.mr\/index.php?rest_route=\/wp\/v2\/types\/post"}],"author":[{"embeddable":true,"href":"https:\/\/ladepeche.mr\/index.php?rest_route=\/wp\/v2\/users\/2"}],"replies":[{"embeddable":true,"href":"https:\/\/ladepeche.mr\/index.php?rest_route=%2Fwp%2Fv2%2Fcomments&post=21639"}],"version-history":[{"count":1,"href":"https:\/\/ladepeche.mr\/index.php?rest_route=\/wp\/v2\/posts\/21639\/revisions"}],"predecessor-version":[{"id":21641,"href":"https:\/\/ladepeche.mr\/index.php?rest_route=\/wp\/v2\/posts\/21639\/revisions\/21641"}],"wp:featuredmedia":[{"embeddable":true,"href":"https:\/\/ladepeche.mr\/index.php?rest_route=\/wp\/v2\/media\/21640"}],"wp:attachment":[{"href":"https:\/\/ladepeche.mr\/index.php?rest_route=%2Fwp%2Fv2%2Fmedia&parent=21639"}],"wp:term":[{"taxonomy":"category","embeddable":true,"href":"https:\/\/ladepeche.mr\/index.php?rest_route=%2Fwp%2Fv2%2Fcategories&post=21639"},{"taxonomy":"post_tag","embeddable":true,"href":"https:\/\/ladepeche.mr\/index.php?rest_route=%2Fwp%2Fv2%2Ftags&post=21639"}],"curies":[{"name":"wp","href":"https:\/\/api.w.org\/{rel}","templated":true}]}}