{"id":21642,"date":"2026-05-02T11:20:49","date_gmt":"2026-05-02T11:20:49","guid":{"rendered":"https:\/\/ladepeche.mr\/?p=21642"},"modified":"2026-05-02T11:20:49","modified_gmt":"2026-05-02T11:20:49","slug":"me-jemal-taleb-la-mauritanie-nest-plus-seulement-vue-comme-un-pays-ami-elle-est-percue-comme-un-partenaire-fiable-et-le-president-ghazouani-comme-un-homme-detat-dont-l","status":"publish","type":"post","link":"https:\/\/ladepeche.mr\/?p=21642","title":{"rendered":"Me Jemal Taleb: \u00ab\u00a0La Mauritanie n\u2019est plus seulement vue comme un pays ami, elle est per\u00e7ue comme un partenaire fiable, et le pr\u00e9sident Ghazouani comme un homme d\u2019\u00c9tat dont la parole compte. \u00bb"},"content":{"rendered":"<p>Dans un entretien qu\u2019il nous a accord\u00e9, en r\u00e9action \u00e0 la visite du Chef de l\u2019Etat en France, Me Jemal Taleb revient sur les enseignements tir\u00e9s de cette visite du pr\u00e9sident Ghazouani. Nous avons voulu savoir comment l\u2019avocat et le sp\u00e9cialiste des arcanes de la politique fran\u00e7aise mesurait l\u2019esprit et l\u2019impact de la visite du pr\u00e9sident de la R\u00e9publique dans l\u2019ancienne m\u00e9tropole.<\/p>\n<p>&nbsp;<\/p>\n<p class=\"s3\"><span class=\"s2\"><span class=\"bumpedFont15\"><strong>La D\u00e9p\u00eache de Mauritanie:<\/strong> Depuis plus de 30 ans, c\u2019est la premi\u00e8re visite d\u2019\u00c9tat d\u2019un pr\u00e9sident mauritanien en France. Pourquoi tout ce temps pour deux pays pr\u00e9sent\u00e9s comme des pays amis ?<\/span><\/span><\/p>\n<p class=\"s4\">Il faut d\u2019abord dire une chose simple : l\u2019amiti\u00e9 entre deux \u00c9tats ne se mesure pas uniquement \u00e0 la fr\u00e9quence des visites d\u2019\u00c9tat. Entre la France et la Mauritanie, le lien n\u2019a jamais disparu. Il a continu\u00e9 \u00e0 vivre \u00e0 travers la coop\u00e9ration diplomatique, s\u00e9curitaire, \u00e9conomique, culturelle et humaine. Ce qui est exceptionnel aujourd\u2019hui, ce n\u2019est donc pas la relation elle-m\u00eame, mais le niveau de reconnaissance politique et symbolique qu\u2019elle atteint.<\/p>\n<p class=\"s4\">En r\u00e9alit\u00e9, cette visite vient consacrer une \u00e9volution plus profonde. La Mauritanie est aujourd\u2019hui regard\u00e9e comme un pays stable, s\u00e9rieux, lisible, dans une r\u00e9gion o\u00f9 ces qualit\u00e9s sont devenues rares. Sous la pr\u00e9sidence de Mohamed Ould Cheikh El Ghazouani, elle a su affirmer une ligne de constance, de mod\u00e9ration et de souverainet\u00e9. C\u2019est cette solidit\u00e9 qui explique que la relation bilat\u00e9rale franchisse aujourd\u2019hui un cap.<\/p>\n<div class=\"s6\">\n<div class=\"s5\"><\/div>\n<\/div>\n<p class=\"s3\"><span class=\"s2\"><span class=\"bumpedFont15\"><strong>La D\u00e9p\u00eache de Mauritanie<\/strong> : Si la pr\u00e9sente visite du pr\u00e9sident Ghazouani d\u00e9roge \u00e0 celle de ses pr\u00e9d\u00e9cesseurs, elle est aussi particuli\u00e8re pour les \u00e9loges dont le chef de l\u2019\u00c9tat fran\u00e7ais ne tarit pas solennellement en sa direction. Un commentaire.<\/span><\/span><\/p>\n<p class=\"s4\">Oui, et je crois qu\u2019il faut prendre ces \u00e9loges au s\u00e9rieux. Ce n\u2019est pas seulement de la politesse diplomatique. C\u2019est la reconnaissance d\u2019un style de gouvernance et d\u2019une m\u00e9thode. Le pr\u00e9sident Ghazouani inspire du respect parce qu\u2019il incarne une forme de calme, de ma\u00eetrise et de responsabilit\u00e9 dans un environnement r\u00e9gional extr\u00eamement instable.<\/p>\n<p class=\"s4\">Ce que la France salue, au fond, c\u2019est une ligne politique : la stabilit\u00e9 sans rigidit\u00e9, la souverainet\u00e9 sans agitation, la coop\u00e9ration sans d\u00e9pendance. Ce n\u2019est pas si fr\u00e9quent aujourd\u2019hui. Dans une r\u00e9gion o\u00f9 certains ont choisi la rupture spectaculaire, la Mauritanie a choisi la continuit\u00e9, la retenue et le s\u00e9rieux. Et cela produit des r\u00e9sultats.<\/p>\n<p class=\"s4\">Je pense donc que ces marques d\u2019estime disent quelque chose de profond : la Mauritanie n\u2019est plus seulement vue comme un pays ami, elle est per\u00e7ue comme un partenaire fiable, et le pr\u00e9sident Ghazouani comme un homme d\u2019\u00c9tat dont la parole compte.<\/p>\n<div class=\"s6\">\n<div class=\"s5\"><\/div>\n<p><strong>La D\u00e9p\u00eache de Mauritanie<\/strong>: Le programme de la visite a aussi son contour politique avec la visite pr\u00e9sidentielle \u00e0 la Mairie de Paris et \u00e0 l\u2019Assembl\u00e9e nationale fran\u00e7aise.<\/div>\n<p class=\"s4\">Absolument. Et ce n\u2019est pas anecdotique. Cela montre que cette visite d\u00e9passe le seul cadre d\u2019un \u00e9change entre chefs d\u2019\u00c9tat. Elle touche aussi les institutions, la repr\u00e9sentation nationale, la dimension civique et symbolique de la relation franco-mauritanienne.<\/p>\n<p class=\"s4\">La visite \u00e0 l\u2019Assembl\u00e9e nationale montre bien que la relation entre les deux pays s\u2019inscrit aussi dans la dur\u00e9e parlementaire, dans le dialogue politique plus large, dans une volont\u00e9 de structurer les liens au-del\u00e0 de l\u2019ex\u00e9cutif. C\u2019est un signal de profondeur institutionnelle.<\/p>\n<p class=\"s4\">Quant \u00e0 la Mairie de Paris, elle ajoute une dimension de prestige, de visibilit\u00e9 et de proximit\u00e9. Paris, ce n\u2019est pas seulement une capitale administrative, c\u2019est aussi un lieu hautement symbolique. Le fait que le pr\u00e9sident Ghazouani y soit re\u00e7u officiellement montre que la Mauritanie b\u00e9n\u00e9ficie aujourd\u2019hui d\u2019une consid\u00e9ration r\u00e9elle dans les cercles politiques fran\u00e7ais.<\/p>\n<div class=\"s6\">\n<div class=\"s5\"><\/div>\n<\/div>\n<p class=\"s3\"><span class=\"s2\"><span class=\"bumpedFont15\"><strong>La D\u00e9p\u00eache de Mauritanie<\/strong> : Avec le Chef de l\u2019\u00c9tat fran\u00e7ais, Emmanuel Macron, des sujets comme la s\u00e9curit\u00e9 au Sahel, la g\u00e9opolitique internationale ont \u00e9t\u00e9 aussi \u00e9voqu\u00e9s. La France et la Mauritanie ont-elles la m\u00eame perception des crises dans le monde ?<\/span><\/span><\/p>\n<p class=\"s4\">Pas forc\u00e9ment \u00e0 tous \u00e9gards, et ce serait d\u2019ailleurs normal. La France et la Mauritanie n\u2019occupent pas la m\u00eame place dans le syst\u00e8me international, n\u2019ont pas les m\u00eames responsabilit\u00e9s ni les m\u00eames priorit\u00e9s imm\u00e9diates. Mais elles ont, je crois, une convergence tr\u00e8s nette sur l\u2019essentiel : la recherche de stabilit\u00e9, le refus du chaos r\u00e9gional, l\u2019importance du dialogue et le respect de la souverainet\u00e9 des \u00c9tats.<\/p>\n<p class=\"s4\">La Mauritanie a une diplomatie assez remarquable de mesure et d\u2019\u00e9quilibre. Elle ne s\u2019enferme ni dans l\u2019alignement automatique, ni dans la rupture d\u00e9monstrative. Elle parle avec sobri\u00e9t\u00e9, mais elle parle juste. C\u2019est ce qui la rend cr\u00e9dible.<\/p>\n<p class=\"s4\">Sur le Sahel, cette convergence est particuli\u00e8rement forte. Pour la Mauritanie, l\u2019instabilit\u00e9 r\u00e9gionale n\u2019est pas un sujet abstrait. C\u2019est une r\u00e9alit\u00e9 directe, avec des cons\u00e9quences humaines, s\u00e9curitaires et \u00e9conomiques tr\u00e8s lourdes. Quand un pays accueille plus de 300 000 r\u00e9fugi\u00e9s et demandeurs d\u2019asile, il parle d\u2019exp\u00e9rience, pas de th\u00e9orie. Cela donne \u00e0 sa voix un poids particulier.<\/p>\n<div class=\"s6\">\n<div class=\"s5\"><\/div>\n<\/div>\n<p class=\"s3\"><span class=\"s2\"><span class=\"bumpedFont15\"><strong>La D\u00e9p\u00eache de Mauritanie<\/strong> : S\u2019agissant du Sahel, le pr\u00e9sident Ghazouani s\u2019est dit quelque peu inquiet de la possibilit\u00e9 d\u2019un \u201cenlisement voire une expansion\u201d de l\u2019instabilit\u00e9 dans certains pays. Que peut la France, dont les relations semblent ex\u00e9crables avec plusieurs pays de la sous-r\u00e9gion, pour conjurer la menace ?<\/span><\/span><\/p>\n<p class=\"s4\">La premi\u00e8re chose que la France peut faire, c\u2019est accepter lucidement que les anciens sch\u00e9mas ne fonctionnent plus. Le temps des approches verticales est termin\u00e9. Du reste, c\u2019est ce qu\u2019elle a fait en transformant son dispositif de bases militaires dans un d\u00e9lai incroyablement court au regard de leur long\u00e9vit\u00e9. Aujourd\u2019hui, ce qui est attendu, c\u2019est une coop\u00e9ration plus respectueuse, plus discr\u00e8te, plus utile, centr\u00e9e sur les besoins r\u00e9els des \u00c9tats partenaires.<\/p>\n<p class=\"s4\">De ce point de vue, la Mauritanie offre un exemple int\u00e9ressant. Elle montre qu\u2019on peut coop\u00e9rer avec la France sans renoncer \u00e0 sa souverainet\u00e9, sans d\u00e9pendance et sans surench\u00e8re. Le pr\u00e9sident Ghazouani tient une ligne d\u2019\u00e9quilibre tr\u00e8s pr\u00e9cieuse dans la r\u00e9gion.<\/p>\n<p class=\"s4\">Ensuite, il faut dire les choses clairement : la r\u00e9ponse au Sahel ne peut pas \u00eatre seulement militaire. Il faut de la s\u00e9curit\u00e9, bien s\u00fbr, mais aussi des fronti\u00e8res mieux contr\u00f4l\u00e9es, des services publics, de l\u2019investissement, de l\u2019\u00e9ducation, des infrastructures, de l\u2019emploi. Quand un pays comme la Mauritanie supporte \u00e0 lui seul une pression migratoire et humanitaire aussi importante, cela montre bien que la stabilisation est un sujet global.<\/p>\n<p class=\"s4\">La France peut donc encore \u00eatre utile, \u00e0 condition de soutenir les pays solides, d\u2019appuyer les capacit\u00e9s concr\u00e8tes, et de travailler davantage dans une logique de partenariat que de posture. C\u2019est sans doute l\u00e0 que son r\u00f4le peut retrouver de l\u2019efficacit\u00e9.<\/p>\n<div class=\"s6\">\n<div class=\"s5\"><\/div>\n<p><strong>La D\u00e9p\u00eache de Mauritanie<\/strong>: Le pr\u00e9sident Ghazouani s\u2019est aussi rendu \u00e0 Brest, en Bretagne, pour visiter des chantiers navals ainsi que l\u2019Institut fran\u00e7ais de recherche pour l\u2019exploitation de la mer (Ifremer). Il tiendra aussi une rencontre avec le Medef \u00e0 son retour \u00e0 Paris. Quels seraient les nouveaux axes pour rehausser la coop\u00e9ration \u00e9conomique bilat\u00e9rale ?<\/div>\n<p class=\"s4\">\u00c0 mes yeux, c\u2019est l\u2019un des aspects les plus prometteurs de la visite. On voit bien que la relation franco-mauritanienne peut d\u00e9sormais monter en gamme. On passe d\u2019une logique de coop\u00e9ration g\u00e9n\u00e9rale \u00e0 une logique de projets concrets, dans des secteurs de souverainet\u00e9 et d\u2019avenir.<\/p>\n<p class=\"s4\">Le premier axe, c\u2019est \u00e9videmment l\u2019\u00e9conomie maritime. La Mauritanie dispose d\u2019un potentiel consid\u00e9rable dans la p\u00eache, la transformation, la logistique portuaire, la recherche oc\u00e9anographique, la maintenance navale et la gestion durable des ressources. Le d\u00e9placement \u00e0 Brest n\u2019a rien de folklorique : il montre qu\u2019il y a l\u00e0 une vraie ambition.<\/p>\n<p class=\"s4\">Le deuxi\u00e8me axe, c\u2019est l\u2019\u00e9nergie. La Mauritanie entre dans une nouvelle phase, avec le gaz, mais aussi avec des perspectives tr\u00e8s importantes dans l\u2019\u00e9lectricit\u00e9, les renouvelables et, \u00e0 terme, les fili\u00e8res industrielles li\u00e9es \u00e0 la transition \u00e9nerg\u00e9tique. C\u2019est un domaine o\u00f9 le partenariat avec la France peut prendre une ampleur nouvelle.<\/p>\n<p class=\"s4\">Le troisi\u00e8me axe, c\u2019est l\u2019infrastructure et l\u2019investissement productif. Il ne s\u2019agit plus seulement d\u2019acheter et de vendre, mais de former, de transf\u00e9rer du savoir-faire, de cr\u00e9er de la valeur localement, d\u2019accompagner l\u2019\u00e9mergence d\u2019un tissu \u00e9conomique plus dense. C\u2019est l\u00e0 que le changement de paradigme doit se voir.<\/p>\n<p class=\"s4\">Et puis il y a un \u00e9l\u00e9ment essentiel : les investisseurs vont l\u00e0 o\u00f9 ils voient de la stabilit\u00e9, de la clart\u00e9 et une volont\u00e9 politique. Cette visite envoie exactement ce message. Elle montre une Mauritanie s\u00e9rieuse, ambitieuse, ouverte, et port\u00e9e par un pr\u00e9sident dont la cr\u00e9dibilit\u00e9 personnelle renforce fortement l\u2019attractivit\u00e9 du pays.<\/p>\n<p>Propos recueillis par<br \/>\nJedna Deida<\/p>\n<p class=\"s6\">\n","protected":false},"excerpt":{"rendered":"<p>Dans un entretien qu\u2019il nous a accord\u00e9, en r\u00e9action \u00e0 la visite du Chef de l\u2019Etat en France, Me Jemal Taleb revient sur les enseignements tir\u00e9s de cette visite du pr\u00e9sident Ghazouani. Nous avons voulu savoir comment l\u2019avocat et le sp\u00e9cialiste des arcanes de la politique fran\u00e7aise mesurait l\u2019esprit et l\u2019impact de la visite du &hellip;<\/p>\n","protected":false},"author":2,"featured_media":3000,"comment_status":"open","ping_status":"open","sticky":false,"template":"","format":"standard","meta":{"footnotes":""},"categories":[18,29,31],"tags":[],"class_list":["post-21642","post","type-post","status-publish","format-standard","has-post-thumbnail","hentry","category-actualites","category-monde","category-politique-et-reportages"],"_links":{"self":[{"href":"https:\/\/ladepeche.mr\/index.php?rest_route=\/wp\/v2\/posts\/21642","targetHints":{"allow":["GET"]}}],"collection":[{"href":"https:\/\/ladepeche.mr\/index.php?rest_route=\/wp\/v2\/posts"}],"about":[{"href":"https:\/\/ladepeche.mr\/index.php?rest_route=\/wp\/v2\/types\/post"}],"author":[{"embeddable":true,"href":"https:\/\/ladepeche.mr\/index.php?rest_route=\/wp\/v2\/users\/2"}],"replies":[{"embeddable":true,"href":"https:\/\/ladepeche.mr\/index.php?rest_route=%2Fwp%2Fv2%2Fcomments&post=21642"}],"version-history":[{"count":1,"href":"https:\/\/ladepeche.mr\/index.php?rest_route=\/wp\/v2\/posts\/21642\/revisions"}],"predecessor-version":[{"id":21643,"href":"https:\/\/ladepeche.mr\/index.php?rest_route=\/wp\/v2\/posts\/21642\/revisions\/21643"}],"wp:featuredmedia":[{"embeddable":true,"href":"https:\/\/ladepeche.mr\/index.php?rest_route=\/wp\/v2\/media\/3000"}],"wp:attachment":[{"href":"https:\/\/ladepeche.mr\/index.php?rest_route=%2Fwp%2Fv2%2Fmedia&parent=21642"}],"wp:term":[{"taxonomy":"category","embeddable":true,"href":"https:\/\/ladepeche.mr\/index.php?rest_route=%2Fwp%2Fv2%2Fcategories&post=21642"},{"taxonomy":"post_tag","embeddable":true,"href":"https:\/\/ladepeche.mr\/index.php?rest_route=%2Fwp%2Fv2%2Ftags&post=21642"}],"curies":[{"name":"wp","href":"https:\/\/api.w.org\/{rel}","templated":true}]}}