{"id":21649,"date":"2026-05-03T11:41:25","date_gmt":"2026-05-03T11:41:25","guid":{"rendered":"https:\/\/ladepeche.mr\/?p=21649"},"modified":"2026-05-03T11:41:25","modified_gmt":"2026-05-03T11:41:25","slug":"dialogue-national-et-crise-malienne-le-fcj-appelle-a-la-responsabilite-et-a-lunite","status":"publish","type":"post","link":"https:\/\/ladepeche.mr\/?p=21649","title":{"rendered":"Dialogue national et crise malienne : le FCJ appelle \u00e0 la responsabilit\u00e9 et \u00e0 l\u2019unit\u00e9"},"content":{"rendered":"<p>R\u00e9unie en session ordinaire \u00e0 Nouakchott, la Commission permanente du Front pour la Citoyennet\u00e9 et la Justice (FCJ) a examin\u00e9 plusieurs dossiers majeurs de l\u2019actualit\u00e9 nationale et r\u00e9gionale, avec en priorit\u00e9 les avanc\u00e9es du dialogue national et la situation pr\u00e9occupante au Mali, r\u00e9v\u00e8le une d\u00e9claration rendue publique par ce parti.<\/p>\n<p>Sur le plan interne, le FCJ a r\u00e9it\u00e9r\u00e9 son soutien au dialogue engag\u00e9 par le Pr\u00e9sident de la R\u00e9publique, Mohamed Ould Cheikh El Ghazouani, saluant l\u2019adh\u00e9sion d\u2019une large partie de la classe politique \u00e0 cette initiative. Le parti a \u00e9galement exprim\u00e9 sa satisfaction quant aux efforts du coordinateur du processus, Moussa Fall, tout en appelant les diff\u00e9rents acteurs \u00e0 faire preuve de responsabilit\u00e9 et de souplesse afin de lever les blocages persistants.<\/p>\n<p>Dans cette dynamique, la Commission permanente a mis en avant l\u2019initiative port\u00e9e par le pr\u00e9sident du FCJ, Mohamed Jamil Mansour, visant \u00e0 faciliter un consensus et relancer les discussions. Elle a en outre invit\u00e9 les parties encore r\u00e9ticentes \u00e0 rejoindre les concertations en cours pour permettre la reprise effective des sessions pr\u00e9paratoires.<\/p>\n<p>Au niveau r\u00e9gional, le FCJ s\u2019est pench\u00e9 sur l\u2019\u00e9volution de la situation au Mali, exprimant une vive inqui\u00e9tude face \u00e0 une crise jug\u00e9e multidimensionnelle. Le parti pointe notamment la conjonction de la menace terroriste, des d\u00e9rives politiques internes et des effets complexes des interventions internationales et alliances r\u00e9gionales.<\/p>\n<p>Saluant la posture adopt\u00e9e par les autorit\u00e9s mauritaniennes, le FCJ a mis en avant une approche fond\u00e9e sur la prudence, la responsabilit\u00e9 et la fermet\u00e9, jug\u00e9e adapt\u00e9e \u00e0 la sensibilit\u00e9 des relations frontali\u00e8res entre les deux pays.<\/p>\n<p>Enfin, le Front a insist\u00e9 sur la n\u00e9cessit\u00e9 d\u2019une solution durable au Mali reposant sur l\u2019unit\u00e9 nationale, l\u2019inclusion de toutes les composantes sociales et le respect des droits et libert\u00e9s. Selon lui, ces principes constituent le rempart le plus efficace contre le terrorisme et les d\u00e9rives autoritaires.<\/p>\n","protected":false},"excerpt":{"rendered":"<p>R\u00e9unie en session ordinaire \u00e0 Nouakchott, la Commission permanente du Front pour la Citoyennet\u00e9 et la Justice (FCJ) a examin\u00e9 plusieurs dossiers majeurs de l\u2019actualit\u00e9 nationale et r\u00e9gionale, avec en priorit\u00e9 les avanc\u00e9es du dialogue national et la situation pr\u00e9occupante au Mali, r\u00e9v\u00e8le une d\u00e9claration rendue publique par ce parti. Sur le plan interne, le &hellip;<\/p>\n","protected":false},"author":2,"featured_media":21651,"comment_status":"open","ping_status":"open","sticky":false,"template":"","format":"standard","meta":{"footnotes":""},"categories":[18,31],"tags":[],"class_list":["post-21649","post","type-post","status-publish","format-standard","has-post-thumbnail","hentry","category-actualites","category-politique-et-reportages"],"_links":{"self":[{"href":"https:\/\/ladepeche.mr\/index.php?rest_route=\/wp\/v2\/posts\/21649","targetHints":{"allow":["GET"]}}],"collection":[{"href":"https:\/\/ladepeche.mr\/index.php?rest_route=\/wp\/v2\/posts"}],"about":[{"href":"https:\/\/ladepeche.mr\/index.php?rest_route=\/wp\/v2\/types\/post"}],"author":[{"embeddable":true,"href":"https:\/\/ladepeche.mr\/index.php?rest_route=\/wp\/v2\/users\/2"}],"replies":[{"embeddable":true,"href":"https:\/\/ladepeche.mr\/index.php?rest_route=%2Fwp%2Fv2%2Fcomments&post=21649"}],"version-history":[{"count":1,"href":"https:\/\/ladepeche.mr\/index.php?rest_route=\/wp\/v2\/posts\/21649\/revisions"}],"predecessor-version":[{"id":21650,"href":"https:\/\/ladepeche.mr\/index.php?rest_route=\/wp\/v2\/posts\/21649\/revisions\/21650"}],"wp:featuredmedia":[{"embeddable":true,"href":"https:\/\/ladepeche.mr\/index.php?rest_route=\/wp\/v2\/media\/21651"}],"wp:attachment":[{"href":"https:\/\/ladepeche.mr\/index.php?rest_route=%2Fwp%2Fv2%2Fmedia&parent=21649"}],"wp:term":[{"taxonomy":"category","embeddable":true,"href":"https:\/\/ladepeche.mr\/index.php?rest_route=%2Fwp%2Fv2%2Fcategories&post=21649"},{"taxonomy":"post_tag","embeddable":true,"href":"https:\/\/ladepeche.mr\/index.php?rest_route=%2Fwp%2Fv2%2Ftags&post=21649"}],"curies":[{"name":"wp","href":"https:\/\/api.w.org\/{rel}","templated":true}]}}