{"id":21652,"date":"2026-05-03T11:51:36","date_gmt":"2026-05-03T11:51:36","guid":{"rendered":"https:\/\/ladepeche.mr\/?p=21652"},"modified":"2026-05-03T11:51:36","modified_gmt":"2026-05-03T11:51:36","slug":"rim-mali-r-a-s-a-la-frontiere-selon-letat-major-des-armees","status":"publish","type":"post","link":"https:\/\/ladepeche.mr\/?p=21652","title":{"rendered":"Rim-Mali: R.A.S \u00e0 la fronti\u00e8re selon l\u2019\u00e9tat-major des arm\u00e9es"},"content":{"rendered":"<p>L\u2019\u00e9tat-major g\u00e9n\u00e9ral des arm\u00e9es mauritaniennes a tenu \u00e0 clarifier la situation face \u00e0 la multiplication de rumeurs \u00e9voquant de suppos\u00e9s mouvements de combattants \u00e0 travers les fronti\u00e8res du pays. Dans un communiqu\u00e9 r\u00e9cent, il d\u00e9nonce la propagation d\u2019informations jug\u00e9es \u00ab inexactes et trompeuses \u00bb, diffus\u00e9es notamment sur certaines plateformes num\u00e9riques, et qu\u2019il consid\u00e8re comme relevant d\u2019une strat\u00e9gie de d\u00e9sinformation.<\/p>\n<p>Selon l\u2019institution militaire, ces all\u00e9gations sont infond\u00e9es et visent \u00e0 semer la confusion au sein de l\u2019opinion publique, tant nationale qu\u2019internationale, tout en cherchant \u00e0 entacher la cr\u00e9dibilit\u00e9 des forces arm\u00e9es.<\/p>\n<p>Le communiqu\u00e9 insiste par ailleurs sur le fait que la Mauritanie conserve une ma\u00eetrise totale de son territoire, en particulier dans les zones frontali\u00e8res. Aucune activit\u00e9 suspecte ni intrusion n\u2019y a \u00e9t\u00e9 constat\u00e9e, assure l\u2019\u00e9tat-major, qui rappelle que toute tentative en ce sens serait imm\u00e9diatement contr\u00e9e.<\/p>\n<p>Les forces arm\u00e9es, ajoute le texte, restent pleinement mobilis\u00e9es et en \u00e9tat d\u2019alerte, assurant avec vigilance leurs missions de surveillance et de d\u00e9fense de l\u2019int\u00e9grit\u00e9 territoriale, et se d\u00e9clarent pr\u00eates \u00e0 intervenir avec fermet\u00e9 en cas de menace.<\/p>\n<p>Enfin, l\u2019\u00e9tat-major appelle \u00e0 la prudence dans la diffusion des informations li\u00e9es \u00e0 la s\u00e9curit\u00e9, mettant en garde contre les risques que repr\u00e9sentent les fausses nouvelles pour la stabilit\u00e9 du pays et la pr\u00e9servation de ses int\u00e9r\u00eats fondamentaux.<\/p>\n","protected":false},"excerpt":{"rendered":"<p>L\u2019\u00e9tat-major g\u00e9n\u00e9ral des arm\u00e9es mauritaniennes a tenu \u00e0 clarifier la situation face \u00e0 la multiplication de rumeurs \u00e9voquant de suppos\u00e9s mouvements de combattants \u00e0 travers les fronti\u00e8res du pays. Dans un communiqu\u00e9 r\u00e9cent, il d\u00e9nonce la propagation d\u2019informations jug\u00e9es \u00ab inexactes et trompeuses \u00bb, diffus\u00e9es notamment sur certaines plateformes num\u00e9riques, et qu\u2019il consid\u00e8re comme relevant &hellip;<\/p>\n","protected":false},"author":2,"featured_media":21653,"comment_status":"open","ping_status":"open","sticky":false,"template":"","format":"standard","meta":{"footnotes":""},"categories":[18,29],"tags":[],"class_list":["post-21652","post","type-post","status-publish","format-standard","has-post-thumbnail","hentry","category-actualites","category-monde"],"_links":{"self":[{"href":"https:\/\/ladepeche.mr\/index.php?rest_route=\/wp\/v2\/posts\/21652","targetHints":{"allow":["GET"]}}],"collection":[{"href":"https:\/\/ladepeche.mr\/index.php?rest_route=\/wp\/v2\/posts"}],"about":[{"href":"https:\/\/ladepeche.mr\/index.php?rest_route=\/wp\/v2\/types\/post"}],"author":[{"embeddable":true,"href":"https:\/\/ladepeche.mr\/index.php?rest_route=\/wp\/v2\/users\/2"}],"replies":[{"embeddable":true,"href":"https:\/\/ladepeche.mr\/index.php?rest_route=%2Fwp%2Fv2%2Fcomments&post=21652"}],"version-history":[{"count":1,"href":"https:\/\/ladepeche.mr\/index.php?rest_route=\/wp\/v2\/posts\/21652\/revisions"}],"predecessor-version":[{"id":21654,"href":"https:\/\/ladepeche.mr\/index.php?rest_route=\/wp\/v2\/posts\/21652\/revisions\/21654"}],"wp:featuredmedia":[{"embeddable":true,"href":"https:\/\/ladepeche.mr\/index.php?rest_route=\/wp\/v2\/media\/21653"}],"wp:attachment":[{"href":"https:\/\/ladepeche.mr\/index.php?rest_route=%2Fwp%2Fv2%2Fmedia&parent=21652"}],"wp:term":[{"taxonomy":"category","embeddable":true,"href":"https:\/\/ladepeche.mr\/index.php?rest_route=%2Fwp%2Fv2%2Fcategories&post=21652"},{"taxonomy":"post_tag","embeddable":true,"href":"https:\/\/ladepeche.mr\/index.php?rest_route=%2Fwp%2Fv2%2Ftags&post=21652"}],"curies":[{"name":"wp","href":"https:\/\/api.w.org\/{rel}","templated":true}]}}