{"id":21655,"date":"2026-05-03T13:50:54","date_gmt":"2026-05-03T13:50:54","guid":{"rendered":"https:\/\/ladepeche.mr\/?p=21655"},"modified":"2026-05-03T13:50:54","modified_gmt":"2026-05-03T13:50:54","slug":"un-communique-militaire-au-coeur-de-la-bataille-de-linformation","status":"publish","type":"post","link":"https:\/\/ladepeche.mr\/?p=21655","title":{"rendered":"Un communiqu\u00e9 militaire au c\u0153ur de la bataille de l\u2019information."},"content":{"rendered":"<p>Nouakchott \u2013 Dans un contexte r\u00e9gional marqu\u00e9 par l\u2019instabilit\u00e9, notamment aux abords de la fronti\u00e8re avec le Mali, le r\u00e9cent communiqu\u00e9 de l\u2019\u00e9tat-major g\u00e9n\u00e9ral des arm\u00e9es mauritaniennes ne se limite pas \u00e0 un simple d\u00e9menti. Il s\u2019inscrit dans une dynamique plus large o\u00f9 la communication devient un outil strat\u00e9gique \u00e0 part enti\u00e8re.<\/p>\n<p><strong>Une r\u00e9ponse \u00e0 la mont\u00e9e des rumeurs num\u00e9riques<\/strong><\/p>\n<p>Le texte d\u00e9nonce la circulation d\u2019\u00ab informations inexactes et trompeuses \u00bb sur les plateformes num\u00e9riques. Ce choix lexical n\u2019est pas anodin. En \u00e9voquant une diffusion \u00ab d\u00e9lib\u00e9r\u00e9e \u00bb et une \u00ab <em>tentative manifeste de d\u00e9sinformation<\/em> \u00bb, l\u2019institution militaire sugg\u00e8re que ces contenus ne rel\u00e8vent pas uniquement de la rumeur spontan\u00e9e, mais pourraient s\u2019inscrire dans des logiques plus structur\u00e9es.<\/p>\n<p>Dans un environnement o\u00f9 les r\u00e9seaux sociaux jouent un r\u00f4le croissant dans la formation de l\u2019opinion publique, cette prise de position traduit une attention accrue port\u00e9e \u00e0 ce que certains analystes qualifient d\u00e9sormais de \u00ab champ informationnel \u00bb.<\/p>\n<p><strong>Rassurer \u00e0 l\u2019int\u00e9rieur, signaler \u00e0 l\u2019ext\u00e9rieur<\/strong><\/p>\n<p>L\u2019un des axes centraux du communiqu\u00e9 repose sur l\u2019affirmation d\u2019une \u00ab ma\u00eetrise totale et permanente \u00bb du territoire national, avec une attention particuli\u00e8re aux zones frontali\u00e8res.<\/p>\n<p>Sur le plan interne, cette d\u00e9claration vise \u00e0 rassurer une opinion publique expos\u00e9e aux incertitudes r\u00e9gionales. Sur le plan externe, elle constitue un message adress\u00e9 aux partenaires et observateurs internationaux : celui d\u2019un \u00c9tat en mesure de garantir sa stabilit\u00e9 dans un espace sah\u00e9lien souvent volatil.<\/p>\n<p>Toutefois, ce type d\u2019affirmation rel\u00e8ve \u00e9galement d\u2019un registre classique de communication \u00e9tatique, o\u00f9 l\u2019enjeu d\u00e9passe la simple description de la r\u00e9alit\u00e9 pour toucher \u00e0 la projection d\u2019une image de contr\u00f4le.<\/p>\n<p><strong>Une dissuasion sans cible d\u00e9sign\u00e9e<\/strong><\/p>\n<p>Le communiqu\u00e9 \u00e9voque \u00e9galement un \u00ab \u00e9tat de vigilance \u00e9lev\u00e9 \u00bb et une \u00ab pleine mobilisation \u00bb des forces arm\u00e9es. Sans mentionner de menace pr\u00e9cise, cette formulation s\u2019apparente \u00e0 une strat\u00e9gie de dissuasion implicite.<\/p>\n<p>Ce type de message permet de s\u2019adresser simultan\u00e9ment \u00e0 plusieurs acteurs potentiels \u2014 groupes arm\u00e9s, r\u00e9seaux criminels ou autres \u2014 tout en conservant une certaine ambigu\u00eft\u00e9. Dans ce cadre, le langage devient un instrument de s\u00e9curit\u00e9, au m\u00eame titre que les dispositifs militaires.<\/p>\n<p><strong>La question sensible de la r\u00e9gulation de l\u2019information<\/strong><\/p>\n<p>Au-del\u00e0 de la dimension s\u00e9curitaire, le texte met en garde contre la diffusion d\u2019\u00ab informations infond\u00e9es \u00bb, pr\u00e9sent\u00e9es comme susceptibles de perturber l\u2019ordre public et de nuire aux int\u00e9r\u00eats nationaux.<\/p>\n<p>Cette position soul\u00e8ve une question r\u00e9currente : comment concilier la lutte contre la d\u00e9sinformation avec la pr\u00e9servation de la libert\u00e9 d\u2019expression ? Dans un contexte de forte circulation de l\u2019information, cette tension s\u2019impose comme un enjeu central pour de nombreux \u00c9tats, bien au-del\u00e0 du cas mauritanien.<\/p>\n<p><strong>Entre communication et cr\u00e9dibilit\u00e9<\/strong><\/p>\n<p>En d\u00e9finitive, le communiqu\u00e9 remplit plusieurs fonctions : d\u00e9mentir une narration en circulation, rassurer l\u2019opinion publique et adresser des signaux dissuasifs \u00e0 l\u2019ext\u00e9rieur.<br \/>\nSa coh\u00e9rence et sa clart\u00e9 renforcent sa port\u00e9e imm\u00e9diate. Toutefois, comme toute communication institutionnelle, son efficacit\u00e9 \u00e0 long terme d\u00e9pendra de sa concordance avec les r\u00e9alit\u00e9s du terrain et du niveau de confiance entre les institutions et la population.<\/p>\n<p>Dans un environnement o\u00f9 information et strat\u00e9gie sont de plus en plus imbriqu\u00e9es, la ma\u00eetrise du r\u00e9cit appara\u00eet d\u00e9sormais comme un levier essentiel de la s\u00e9curit\u00e9 nationale.<\/p>\n<p><strong>Par Ahmed Mohamed Hamada<\/strong><br \/>\n<strong>\u00c9crivain et analyste politique<\/strong><\/p>\n","protected":false},"excerpt":{"rendered":"<p>Nouakchott \u2013 Dans un contexte r\u00e9gional marqu\u00e9 par l\u2019instabilit\u00e9, notamment aux abords de la fronti\u00e8re avec le Mali, le r\u00e9cent communiqu\u00e9 de l\u2019\u00e9tat-major g\u00e9n\u00e9ral des arm\u00e9es mauritaniennes ne se limite pas \u00e0 un simple d\u00e9menti. Il s\u2019inscrit dans une dynamique plus large o\u00f9 la communication devient un outil strat\u00e9gique \u00e0 part enti\u00e8re. Une r\u00e9ponse \u00e0 &hellip;<\/p>\n","protected":false},"author":2,"featured_media":21400,"comment_status":"open","ping_status":"open","sticky":false,"template":"","format":"standard","meta":{"footnotes":""},"categories":[18,29,19],"tags":[],"class_list":["post-21655","post","type-post","status-publish","format-standard","has-post-thumbnail","hentry","category-actualites","category-monde","category-tribune"],"_links":{"self":[{"href":"https:\/\/ladepeche.mr\/index.php?rest_route=\/wp\/v2\/posts\/21655","targetHints":{"allow":["GET"]}}],"collection":[{"href":"https:\/\/ladepeche.mr\/index.php?rest_route=\/wp\/v2\/posts"}],"about":[{"href":"https:\/\/ladepeche.mr\/index.php?rest_route=\/wp\/v2\/types\/post"}],"author":[{"embeddable":true,"href":"https:\/\/ladepeche.mr\/index.php?rest_route=\/wp\/v2\/users\/2"}],"replies":[{"embeddable":true,"href":"https:\/\/ladepeche.mr\/index.php?rest_route=%2Fwp%2Fv2%2Fcomments&post=21655"}],"version-history":[{"count":1,"href":"https:\/\/ladepeche.mr\/index.php?rest_route=\/wp\/v2\/posts\/21655\/revisions"}],"predecessor-version":[{"id":21656,"href":"https:\/\/ladepeche.mr\/index.php?rest_route=\/wp\/v2\/posts\/21655\/revisions\/21656"}],"wp:featuredmedia":[{"embeddable":true,"href":"https:\/\/ladepeche.mr\/index.php?rest_route=\/wp\/v2\/media\/21400"}],"wp:attachment":[{"href":"https:\/\/ladepeche.mr\/index.php?rest_route=%2Fwp%2Fv2%2Fmedia&parent=21655"}],"wp:term":[{"taxonomy":"category","embeddable":true,"href":"https:\/\/ladepeche.mr\/index.php?rest_route=%2Fwp%2Fv2%2Fcategories&post=21655"},{"taxonomy":"post_tag","embeddable":true,"href":"https:\/\/ladepeche.mr\/index.php?rest_route=%2Fwp%2Fv2%2Ftags&post=21655"}],"curies":[{"name":"wp","href":"https:\/\/api.w.org\/{rel}","templated":true}]}}