{"id":2166,"date":"2022-09-30T13:38:43","date_gmt":"2022-09-30T13:38:43","guid":{"rendered":"https:\/\/ladepeche.mr\/?p=2166"},"modified":"2022-09-30T13:38:43","modified_gmt":"2022-09-30T13:38:43","slug":"somelec-entente-directe-injustifiee-et-manque-de-transparence","status":"publish","type":"post","link":"https:\/\/ladepeche.mr\/?p=2166","title":{"rendered":"Somelec : entente directe injustifi\u00e9e et manque de transparence"},"content":{"rendered":"<p>La Somelec qui fait grincer ses dents pour sanctionner les auteurs de fraudes av\u00e9r\u00e9es est elle-m\u00eame \u00e9pingl\u00e9e par la CNCMP dans le cadre du projet de march\u00e9 pass\u00e9 par entente directe relatif \u00e0 I&#8217;assistance en passation des march\u00e9s et de supervision de I&#8217;ex\u00e9cution des contrats dans le cadre du projet MOUDOLIN (volet \u00e9nergie) financ\u00e9 par la Banque mondiale. La CNCMP argue le mode d\u00e9rogatoire utilis\u00e9 par la Somelec ne fait pas partie des cas de recours \u00e0 ce mode op\u00e9ratoire. De plus la proposition financi\u00e8re du consultant b\u00e9n\u00e9ficiaire reste un myst\u00e8re. Alors charit\u00e9 bien ordonn\u00e9e commence par soi-m\u00eame !<\/p>\n","protected":false},"excerpt":{"rendered":"<p>La Somelec qui fait grincer ses dents pour sanctionner les auteurs de fraudes av\u00e9r\u00e9es est elle-m\u00eame \u00e9pingl\u00e9e par la CNCMP dans le cadre du projet de march\u00e9 pass\u00e9 par entente directe relatif \u00e0 I&#8217;assistance en passation des march\u00e9s et de supervision de I&#8217;ex\u00e9cution des contrats dans le cadre du projet MOUDOLIN (volet \u00e9nergie) financ\u00e9 par &hellip;<\/p>\n","protected":false},"author":2,"featured_media":2167,"comment_status":"open","ping_status":"open","sticky":false,"template":"","format":"standard","meta":{"footnotes":""},"categories":[26],"tags":[],"class_list":["post-2166","post","type-post","status-publish","format-standard","has-post-thumbnail","hentry","category-en-panne"],"_links":{"self":[{"href":"https:\/\/ladepeche.mr\/index.php?rest_route=\/wp\/v2\/posts\/2166","targetHints":{"allow":["GET"]}}],"collection":[{"href":"https:\/\/ladepeche.mr\/index.php?rest_route=\/wp\/v2\/posts"}],"about":[{"href":"https:\/\/ladepeche.mr\/index.php?rest_route=\/wp\/v2\/types\/post"}],"author":[{"embeddable":true,"href":"https:\/\/ladepeche.mr\/index.php?rest_route=\/wp\/v2\/users\/2"}],"replies":[{"embeddable":true,"href":"https:\/\/ladepeche.mr\/index.php?rest_route=%2Fwp%2Fv2%2Fcomments&post=2166"}],"version-history":[{"count":1,"href":"https:\/\/ladepeche.mr\/index.php?rest_route=\/wp\/v2\/posts\/2166\/revisions"}],"predecessor-version":[{"id":2168,"href":"https:\/\/ladepeche.mr\/index.php?rest_route=\/wp\/v2\/posts\/2166\/revisions\/2168"}],"wp:featuredmedia":[{"embeddable":true,"href":"https:\/\/ladepeche.mr\/index.php?rest_route=\/wp\/v2\/media\/2167"}],"wp:attachment":[{"href":"https:\/\/ladepeche.mr\/index.php?rest_route=%2Fwp%2Fv2%2Fmedia&parent=2166"}],"wp:term":[{"taxonomy":"category","embeddable":true,"href":"https:\/\/ladepeche.mr\/index.php?rest_route=%2Fwp%2Fv2%2Fcategories&post=2166"},{"taxonomy":"post_tag","embeddable":true,"href":"https:\/\/ladepeche.mr\/index.php?rest_route=%2Fwp%2Fv2%2Ftags&post=2166"}],"curies":[{"name":"wp","href":"https:\/\/api.w.org\/{rel}","templated":true}]}}