{"id":21660,"date":"2026-05-03T14:30:37","date_gmt":"2026-05-03T14:30:37","guid":{"rendered":"https:\/\/ladepeche.mr\/?p=21660"},"modified":"2026-05-03T14:30:37","modified_gmt":"2026-05-03T14:30:37","slug":"a-la-une-israel-est-il-en-train-de-devenir-un-etat-paria","status":"publish","type":"post","link":"https:\/\/ladepeche.mr\/?p=21660","title":{"rendered":"\u00c0 la Une: Isra\u00ebl est-il en train de devenir un \u00e9tat paria?"},"content":{"rendered":"<div class=\"t-content__body u-clearfix\">\n<p>Isra\u00ebl est-il en train de devenir un \u00c9tat paria ? La question est pos\u00e9e cette semaine dans<em>le<\/em> <em>Nouvel Obs<\/em>, qui titre en Une\u00a0: \u00ab\u00a0<em>Crimes de guerre, colonisation, atteintes \u00e0 la d\u00e9mocratie\u00a0: la d\u00e9rive d\u2019Isra\u00ebl<\/em>\u00a0\u00bb. \u00ab\u00a0<em>Fond\u00e9 pour \u00eatre l\u2019\u00c9tat refuge des juifs pers\u00e9cut\u00e9s au lendemain de la Seconde guerre mondiale, Isra\u00ebl devient un \u00e9tat paria\u00a0<\/em>\u00bb, estime Omer Bartov, universitaire isra\u00e9lo-am\u00e9ricain, interrog\u00e9 par <em>le Nouvel Obs. <\/em><\/p>\n<p>Et l&#8217;hebdomadaire<em>\u00a0<\/em>accuse : \u00ab\u00a0<em>Avec ses ministres messianiques et supr\u00e9macistes, le gouvernement isra\u00e9lien pratique une politique d\u2019effacement des Palestiniens d\u2019une violence inou\u00efe et pilonne l\u2019\u00c9tat de droit\u00a0<\/em>\u00bb.\u00a0<em>Le Nouvel Obs<\/em> aligne les chiffres\u00a0: \u00ab <em>plus de 72\u00a0000 morts dont pr\u00e8s de 30 000 enfants \u00e0 Gaza, l\u2019ouverture de six autres fronts\u00a0: (Liban, Iran, Cisjordanie, Y\u00e9men, Irak, Syrie), et des frappes qui peuvent faire un carnage en quelques minutes comme \u00e0 Beyrouth le 8 avril\u00a0(350 morts et plus de 1200 bless\u00e9s)<\/em> \u00bb.<\/p>\n<h2>\u00c0 J\u00e9rusalem-Est et Tel Aviv<\/h2>\n<p><em>Le Nouvel Obs <\/em>est all\u00e9 \u00e0 la rencontre des Isra\u00e9liens et des Palestiniens.\u00a0L\u2019hebdomadaire s\u2019est rendu \u00e0 Silwa, quartier de J\u00e9rusalem-Est, en Cisjordanie occup\u00e9e, o\u00f9 les habitants palestiniens de 150 maisons ont re\u00e7u des ordres de d\u00e9molition, pour faire la place \u00e0 des familles de colons. Destruction que les Palestiniens doivent effectuer eux-m\u00eames sous peine d\u2019une amende de \u00ab\u00a0<em>dizaines de milliers de shekels<\/em>\u00a0\u00bb. C\u2019est ainsi que Wassim Siam, \u00ab <em>p\u00e8re de cinq enfants<\/em> \u00bb est en train de d\u00e9molir sa propre maison. \u00ab\u00a0Les Isra\u00e9liens ne veulent plus de nous ici\u00a0\u00bb, d\u00e9clare-t-il au <em>Nouvel Obs<\/em>.<\/p>\n<p>L\u2019hebdomadaire s\u2019est aussi rendu \u00e0 Tel Aviv, o\u00f9 il a rencontr\u00e9 des Isra\u00e9liens majoritairement favorables \u00e0 la politique de Benyamin Netanyahou, comme cette jeune r\u00e9serviste de l\u2019arm\u00e9e isra\u00e9lienne qui d\u00e9clare\u00a0: \u00ab <em>J\u2019esp\u00e8re qu\u2019on va reprendre Gaza. Ils doivent foutre le camp d\u2019ici. Il y a plein d\u2019\u00e9tat musulmans dans le monde, pourquoi on ne pourrait pas avoir notre petit bout de terre \u00e0 nous\u00a0?<\/em>\u00a0\u00bb \u00ab\u00a0<em>L\u2019immense majorit\u00e9 des m\u00e9dias isra\u00e9liens, <\/em>pr\u00e9cise <em>le Nouvel Obs, mart\u00e8le d\u00e9sormais un discours nationaliste, guerrier et relaie la propagande gouvernementale\u00a0<\/em>\u00bb. Dans ces conditions, y a-t-il encore une opposition en Isra\u00ebl ? \u00a0\u00ab\u00a0<em>La gauche isra\u00e9lienne, encore favorable \u00e0 une solution \u00e0 deux Etats, se r\u00e9duit comme peau de chagrin<\/em>\u00a0\u00bb, reconna\u00eet l\u2019hebdomadaire.<\/p>\n<h2>Le pouvoir jusqu&#8217;au bout<\/h2>\n<p><em>Le Point<\/em> fait sa Une sur \u00ab\u00a0<em>Ces malades qui nous gouvernent<\/em>\u00a0\u00bb.\u00a0Et la liste est longue, elle va de Georges Pompidou, Fran\u00e7ois Mitterrand et Jacques Chirac en France, \u00e0 Mao en Chine, en passant par Staline, \u00e0 l\u2019\u00e9poque de l\u2019URSS. Mais l\u2019actualit\u00e9, en la mati\u00e8re, nous conduit aux \u00c9tats-Unis. \u00ab\u00a0<em>Entre Joe Biden et Donald Trump, lequel est le plus atteint\u00a0?<\/em>\u00a0\u00bb interroge <em>le Point<\/em>, qui ne r\u00e9pond pas vraiment, mais qui publie une photo des deux hommes, chacun en public, semblant plong\u00e9 dans un profond sommeil\u2026 ce \u00e0 quoi l\u2019actuel pr\u00e9sident am\u00e9ricain a r\u00e9pondu \u00ab\u00a0<em>qu\u2019on le prend en photo quand il cligne des yeux<\/em>\u00a0\u00bb.<\/p>\n<p>Le 13 avril dernier, \u00ab\u00a0<em>son m\u00e9decin Sean Barbabella a publi\u00e9 un rapport d\u00e9crivant sa sant\u00e9 comme &#8220;excellente&#8221;, y compris sur le plan cognitif <\/em>\u00bb. Mais \u00ab\u00a0<em>la majorit\u00e9 des Am\u00e9ricains en doute\u00a0<\/em>\u00bb, assure <em>le Point<\/em>, \u00e0 l\u2019appui de plusieurs sondages, dont l\u2019un paru fin f\u00e9vrier, et selon lequel \u00ab <em>61 % des Am\u00e9ricains pensent que Donald Trump est devenu &#8220;impr\u00e9visible avec l\u2019\u00e2ge&#8221;<\/em>\u00a0\u00bb.<\/p>\n<p>D\u2019anciens soutiens du pr\u00e9sident en doutent aussi, ajoute<em> l\u2019Express<\/em>, d\u2019anciens soutiens qui invoquent le 25\u00e8me amendement, celui qui permettrait de chasser Donald Trump du pouvoir. Toutefois, rappelle <em>le Point<\/em>, \u00ab\u00a0<em>la r\u00e9vocation du pr\u00e9sident devrait \u00eatre vot\u00e9e par le Congr\u00e8s \u00e0 la majorit\u00e9 des deux tiers. Assez peu probable<\/em>\u00a0\u00bb, conclut l\u2019hebdomadaire.<\/p>\n<h2>Blocage d&#8217;Internet<\/h2>\n<p>En Russie, plusieurs villes, dont la capitale Moscou, sont priv\u00e9es d\u2019Internet, depuis plusieurs semaines, annonce\u00a0<em>l\u2019Express<\/em>, selon lequel \u00ab<em>\u00a0la grogne monte au sein de la population et des \u00e9lites pro-pouvoir\u00a0<\/em>\u00bb. L\u2019hebdomadaire raconte une sc\u00e8ne courante\u00a0: dans la rue, un Moscovite se bat avec un plan papier, \u00ab\u00a0<em>encombrant et chiffonn\u00e9\u00a0<\/em>\u00bb, faute de GPS. \u00ab\u00a0<em>Un comble, dans une des villes les plus digitalis\u00e9es au monde<\/em>\u00a0\u00bb, remarque <em>l\u2019Express<\/em>, qui ajoute\u00a0: \u00ab\u00a0<em>Aujourd\u2019hui, les Russes font un grand bond en arri\u00e8re. Pourquoi\u00a0? simplement par la volont\u00e9 de Poutine. Plus exactement du FSB, successeur du KGB, aux manettes de cette vaste op\u00e9ration de censure (\u2026) <\/em>\u00bb Explications d\u2019Alexander Kolyandr, chercheur au Centre d\u2019analyse des politiques europ\u00e9ennes\u00a0: \u00ab<em>\u00a0Les services de s\u00e9curit\u00e9 russes veulent cr\u00e9er un goulag num\u00e9rique car ils consid\u00e8rent Internet comme une menace<\/em>\u00a0\u00bb.<\/p>\n<p>La tension est mont\u00e9e d&#8217;un cran, mi-avril, avec la vid\u00e9o d&#8217;une blogueuse, faisant partie &#8220;<em>du cercle pro-poutine<\/em>&#8220;, comptant &#8220;<em>13 millions d&#8217;abonn\u00e9s<\/em>&#8220;, et ayant publi\u00e9 un post incendiaire, dans lequel \u00ab <em>elle liste les probl\u00e8mes qui s&#8217;accumulent en Russie, dont le blocage d&#8217;Internet<\/em> \u00bb.<\/p>\n<p>Le porte-parole du Kremlin Dmitri Peskov a estim\u00e9 que ce message abordait &#8220;<em>des questions importantes<\/em>&#8220;, dont &#8220;<em>aucune n&#8217;a \u00e9t\u00e9 laiss\u00e9e sans r\u00e9ponse<\/em>&#8220;. C&#8217;est peu, mais aux yeux de<em> l&#8217;Express<\/em>, &#8220;c&#8217;est le signe d&#8217;une f\u00e9brilit\u00e9 au sein du pouvoir, \u00e0 5 mois des \u00e9lections \u00e0 la Douma&#8221;.<\/p>\n<\/div>\n<div class=\"m-authors t-content__authors\">\n<div class=\"m-from-author\"><span class=\"m-from-author__by-label\">Par Catherine Potet<\/span><\/div>\n<\/div>\n<div><\/div>\n<div>https:\/\/www.rfi.fr\/fr\/podcasts\/revue-de-presse-des-hebdomadaires-fran%C3%A7ais\/20260503-%C3%A0-la-une-isra%C3%ABl-est-il-en-train-de-devenir-un-%C3%A9tat-paria<\/div>\n<div><\/div>\n<div><\/div>\n","protected":false},"excerpt":{"rendered":"<p>Isra\u00ebl est-il en train de devenir un \u00c9tat paria ? La question est pos\u00e9e cette semaine dansle Nouvel Obs, qui titre en Une\u00a0: \u00ab\u00a0Crimes de guerre, colonisation, atteintes \u00e0 la d\u00e9mocratie\u00a0: la d\u00e9rive d\u2019Isra\u00ebl\u00a0\u00bb. \u00ab\u00a0Fond\u00e9 pour \u00eatre l\u2019\u00c9tat refuge des juifs pers\u00e9cut\u00e9s au lendemain de la Seconde guerre mondiale, Isra\u00ebl devient un \u00e9tat paria\u00a0\u00bb, estime &hellip;<\/p>\n","protected":false},"author":2,"featured_media":21665,"comment_status":"open","ping_status":"open","sticky":false,"template":"","format":"standard","meta":{"footnotes":""},"categories":[18,29],"tags":[],"class_list":["post-21660","post","type-post","status-publish","format-standard","has-post-thumbnail","hentry","category-actualites","category-monde"],"_links":{"self":[{"href":"https:\/\/ladepeche.mr\/index.php?rest_route=\/wp\/v2\/posts\/21660","targetHints":{"allow":["GET"]}}],"collection":[{"href":"https:\/\/ladepeche.mr\/index.php?rest_route=\/wp\/v2\/posts"}],"about":[{"href":"https:\/\/ladepeche.mr\/index.php?rest_route=\/wp\/v2\/types\/post"}],"author":[{"embeddable":true,"href":"https:\/\/ladepeche.mr\/index.php?rest_route=\/wp\/v2\/users\/2"}],"replies":[{"embeddable":true,"href":"https:\/\/ladepeche.mr\/index.php?rest_route=%2Fwp%2Fv2%2Fcomments&post=21660"}],"version-history":[{"count":1,"href":"https:\/\/ladepeche.mr\/index.php?rest_route=\/wp\/v2\/posts\/21660\/revisions"}],"predecessor-version":[{"id":21666,"href":"https:\/\/ladepeche.mr\/index.php?rest_route=\/wp\/v2\/posts\/21660\/revisions\/21666"}],"wp:featuredmedia":[{"embeddable":true,"href":"https:\/\/ladepeche.mr\/index.php?rest_route=\/wp\/v2\/media\/21665"}],"wp:attachment":[{"href":"https:\/\/ladepeche.mr\/index.php?rest_route=%2Fwp%2Fv2%2Fmedia&parent=21660"}],"wp:term":[{"taxonomy":"category","embeddable":true,"href":"https:\/\/ladepeche.mr\/index.php?rest_route=%2Fwp%2Fv2%2Fcategories&post=21660"},{"taxonomy":"post_tag","embeddable":true,"href":"https:\/\/ladepeche.mr\/index.php?rest_route=%2Fwp%2Fv2%2Ftags&post=21660"}],"curies":[{"name":"wp","href":"https:\/\/api.w.org\/{rel}","templated":true}]}}