{"id":2171,"date":"2022-09-30T22:12:14","date_gmt":"2022-09-30T22:12:14","guid":{"rendered":"https:\/\/ladepeche.mr\/?p=2171"},"modified":"2022-09-30T22:12:14","modified_gmt":"2022-09-30T22:12:14","slug":"la-police-empeche-une-manifestation-contre-la-reforme-du-systeme-educatif-a-nouakchott","status":"publish","type":"post","link":"https:\/\/ladepeche.mr\/?p=2171","title":{"rendered":"La police emp\u00eache une manifestation contre la r\u00e9forme du syst\u00e8me \u00e9ducatif \u00e0 Nouakchott"},"content":{"rendered":"<p>Une nouvelle manifestation, ce vendredi 30 septembre, dans l\u2019apr\u00e8s-midi, des militants d\u2019OLAN (Organisation pour l\u2019officialisation des langues nationales) pour dire non \u00e0 la loi d&#8217;orientation de l&#8217;\u00e9ducation, a \u00e9t\u00e9 emp\u00each\u00e9e par la police mauritanienne, a constat\u00e9 un journaliste de Cridem.<\/p>\n<p>Lors cette manifestation, les militants d\u2019OLAN ont brandi des slogans demandant une nouvelle fois &#8220;l&#8217;officialisation imm\u00e9diate des langues nationales&#8221; et d\u00e9nonc\u00e9 l&#8217;article 65 du nouveau texte qui, selon eux, &#8220;consacre l&#8217;injustice linguistique dans le pays&#8221;.<\/p>\n<p>Le 25 juillet dernier, le parlement mauritanien a adopt\u00e9 la loi d\u2019orientation de l\u2019Education nationale. Selon le gouvernement, cette loi a pour objectif de mettre un terme \u00e0 la d\u00e9t\u00e9rioration alarmante du syst\u00e8me \u00e9ducatif national et son incapacit\u00e9 \u00e0 relever les d\u00e9fis auxquels le pays est confront\u00e9, une situation que les r\u00e9formes successives n\u2019ont pas r\u00e9ussi \u00e0 la rem\u00e9dier depuis l\u2019ind\u00e9pendance.<\/p>\n<p>Cette nouvelle r\u00e9forme du syst\u00e8me \u00e9ducatif est vivement critiqu\u00e9e notamment par OLAN qui y voit une d\u00e9marche unilat\u00e9rale visant \u00e0 imposer la langue arabe.<\/p>\n<p>Par Cridem Actualit\u00e9s<\/p>\n","protected":false},"excerpt":{"rendered":"<p>Une nouvelle manifestation, ce vendredi 30 septembre, dans l\u2019apr\u00e8s-midi, des militants d\u2019OLAN (Organisation pour l\u2019officialisation des langues nationales) pour dire non \u00e0 la loi d&#8217;orientation de l&#8217;\u00e9ducation, a \u00e9t\u00e9 emp\u00each\u00e9e par la police mauritanienne, a constat\u00e9 un journaliste de Cridem. Lors cette manifestation, les militants d\u2019OLAN ont brandi des slogans demandant une nouvelle fois &#8220;l&#8217;officialisation &hellip;<\/p>\n","protected":false},"author":2,"featured_media":2172,"comment_status":"open","ping_status":"open","sticky":false,"template":"","format":"standard","meta":{"footnotes":""},"categories":[18],"tags":[],"class_list":["post-2171","post","type-post","status-publish","format-standard","has-post-thumbnail","hentry","category-actualites"],"_links":{"self":[{"href":"https:\/\/ladepeche.mr\/index.php?rest_route=\/wp\/v2\/posts\/2171","targetHints":{"allow":["GET"]}}],"collection":[{"href":"https:\/\/ladepeche.mr\/index.php?rest_route=\/wp\/v2\/posts"}],"about":[{"href":"https:\/\/ladepeche.mr\/index.php?rest_route=\/wp\/v2\/types\/post"}],"author":[{"embeddable":true,"href":"https:\/\/ladepeche.mr\/index.php?rest_route=\/wp\/v2\/users\/2"}],"replies":[{"embeddable":true,"href":"https:\/\/ladepeche.mr\/index.php?rest_route=%2Fwp%2Fv2%2Fcomments&post=2171"}],"version-history":[{"count":1,"href":"https:\/\/ladepeche.mr\/index.php?rest_route=\/wp\/v2\/posts\/2171\/revisions"}],"predecessor-version":[{"id":2173,"href":"https:\/\/ladepeche.mr\/index.php?rest_route=\/wp\/v2\/posts\/2171\/revisions\/2173"}],"wp:featuredmedia":[{"embeddable":true,"href":"https:\/\/ladepeche.mr\/index.php?rest_route=\/wp\/v2\/media\/2172"}],"wp:attachment":[{"href":"https:\/\/ladepeche.mr\/index.php?rest_route=%2Fwp%2Fv2%2Fmedia&parent=2171"}],"wp:term":[{"taxonomy":"category","embeddable":true,"href":"https:\/\/ladepeche.mr\/index.php?rest_route=%2Fwp%2Fv2%2Fcategories&post=2171"},{"taxonomy":"post_tag","embeddable":true,"href":"https:\/\/ladepeche.mr\/index.php?rest_route=%2Fwp%2Fv2%2Ftags&post=2171"}],"curies":[{"name":"wp","href":"https:\/\/api.w.org\/{rel}","templated":true}]}}