{"id":2183,"date":"2022-10-01T12:41:42","date_gmt":"2022-10-01T12:41:42","guid":{"rendered":"https:\/\/ladepeche.mr\/?p=2183"},"modified":"2022-10-01T13:02:52","modified_gmt":"2022-10-01T13:02:52","slug":"classement-choiseul-100-africa-2022-trois-mauritaniens-distingues","status":"publish","type":"post","link":"https:\/\/ladepeche.mr\/?p=2183","title":{"rendered":"Classement Choiseul 100 Africa 2022: Trois mauritaniens distingu\u00e9s"},"content":{"rendered":"<p>Trois mauritaniens de moins de quarante figurent parmi les futurs leaders du d\u00e9veloppement sur notre Continent. Les trois mauritaniens ne sont pas des inconnus et confirment tout le bien que l\u2019on pensait d\u2019eux. Il s\u2019agit dans l\u2019ordre du classement Choiseul 100 Africa 2022 de Leila Bouamattou, DG de la GBM, Sidi Mohamed Ould Dhaker, conseiller \u00e0 la BCM, et Aissata Lam, DG de l\u2019APIM. Au-del\u00e0 de la fiert\u00e9 qu\u2019ils donnent \u00e0 tous les mauritaniens, nos laur\u00e9ats donnent une dimension nouvelle \u00e0 notre pays \u00e0 travers sa ressource humaine dont la notori\u00e9t\u00e9 d\u00e9passe d\u00e9sormais nos fronti\u00e8res nationales. La r\u00e9ussite n\u2019est certainement pas donn\u00e9e eu \u00e9gard aux conditions exigibles et au nombre pl\u00e9thorique des candidats choisis.<br \/>\nEn effet, ils \u00e9taient au d\u00e9part 200 jeunes leaders africains de 40 ans et moins identifi\u00e9s parmi les dirigeants d\u2019entreprises, de porteurs de projets innovants, d\u2019investisseurs par l\u2019institut Choiseuil. Ils sont soup\u00e7onn\u00e9s devoir jouer un r\u00f4le d\u00e9terminant dans le d\u00e9veloppement de l\u2019Afrique dans un avenir proche. Ce tri est effectu\u00e9 \u00e0 la suite d\u2019une \u00e9tude annuelle in\u00e9dite r\u00e9alis\u00e9e par l\u2019Institut Choiseul sur les qualit\u00e9s personnelles des personnes qui \u00ab incarnent le dynamisme et le renouveau de tout un continent et portent les espoirs de toute une g\u00e9n\u00e9ration \u00bb.<\/p>\n<p>Le Classement g\u00e9n\u00e9ral<\/p>\n<p>https:\/\/www.choiseul-africa.com\/wp-content\/uploads\/2022\/09\/Choiseul-100-Africa-Ranking-2022-2.pdf<\/p>\n","protected":false},"excerpt":{"rendered":"<p>Trois mauritaniens de moins de quarante figurent parmi les futurs leaders du d\u00e9veloppement sur notre Continent. Les trois mauritaniens ne sont pas des inconnus et confirment tout le bien que l\u2019on pensait d\u2019eux. Il s\u2019agit dans l\u2019ordre du classement Choiseul 100 Africa 2022 de Leila Bouamattou, DG de la GBM, Sidi Mohamed Ould Dhaker, conseiller &hellip;<\/p>\n","protected":false},"author":2,"featured_media":2191,"comment_status":"open","ping_status":"open","sticky":false,"template":"","format":"standard","meta":{"footnotes":""},"categories":[18,2,29],"tags":[],"class_list":["post-2183","post","type-post","status-publish","format-standard","has-post-thumbnail","hentry","category-actualites","category-economie","category-monde"],"_links":{"self":[{"href":"https:\/\/ladepeche.mr\/index.php?rest_route=\/wp\/v2\/posts\/2183","targetHints":{"allow":["GET"]}}],"collection":[{"href":"https:\/\/ladepeche.mr\/index.php?rest_route=\/wp\/v2\/posts"}],"about":[{"href":"https:\/\/ladepeche.mr\/index.php?rest_route=\/wp\/v2\/types\/post"}],"author":[{"embeddable":true,"href":"https:\/\/ladepeche.mr\/index.php?rest_route=\/wp\/v2\/users\/2"}],"replies":[{"embeddable":true,"href":"https:\/\/ladepeche.mr\/index.php?rest_route=%2Fwp%2Fv2%2Fcomments&post=2183"}],"version-history":[{"count":4,"href":"https:\/\/ladepeche.mr\/index.php?rest_route=\/wp\/v2\/posts\/2183\/revisions"}],"predecessor-version":[{"id":2192,"href":"https:\/\/ladepeche.mr\/index.php?rest_route=\/wp\/v2\/posts\/2183\/revisions\/2192"}],"wp:featuredmedia":[{"embeddable":true,"href":"https:\/\/ladepeche.mr\/index.php?rest_route=\/wp\/v2\/media\/2191"}],"wp:attachment":[{"href":"https:\/\/ladepeche.mr\/index.php?rest_route=%2Fwp%2Fv2%2Fmedia&parent=2183"}],"wp:term":[{"taxonomy":"category","embeddable":true,"href":"https:\/\/ladepeche.mr\/index.php?rest_route=%2Fwp%2Fv2%2Fcategories&post=2183"},{"taxonomy":"post_tag","embeddable":true,"href":"https:\/\/ladepeche.mr\/index.php?rest_route=%2Fwp%2Fv2%2Ftags&post=2183"}],"curies":[{"name":"wp","href":"https:\/\/api.w.org\/{rel}","templated":true}]}}