{"id":2202,"date":"2022-10-02T18:07:11","date_gmt":"2022-10-02T18:07:11","guid":{"rendered":"https:\/\/ladepeche.mr\/?p=2202"},"modified":"2022-10-03T13:42:39","modified_gmt":"2022-10-03T13:42:39","slug":"conference-de-bordeaux-lancien-president-dechaine-les-passions","status":"publish","type":"post","link":"https:\/\/ladepeche.mr\/?p=2202","title":{"rendered":"Conf\u00e9rence de Bordeaux: L\u2019ancien pr\u00e9sident d\u00e9cha\u00eene toujours les passions"},"content":{"rendered":"<p>Entre ceux qui l\u2019accusent d\u2019avoir appartenu pendant ses deux mandats \u00e0 un syst\u00e8me qui privil\u00e9gie les siens et des supporters inconditionnels, l\u2019ancien pr\u00e9sident Mohamed Ould Abdleaziz continue de d\u00e9cha\u00eener les passions parmi ses compatriotes.<br \/>\nInvit\u00e9 lors d\u2019une conf\u00e9rence \u00e0 Bordeaux \u00e0 se prononcer sur la situation \u00e9conomique du pays \u00e0 la lumi\u00e8re de la gestion du nouveau r\u00e9gime, l\u2019ancien pr\u00e9sident a dit regretter \u00ab\u00a0le retour en arri\u00e8re\u00a0\u00bb.<br \/>\nL&#8217;ex-pr\u00e9sident mauritanien parti en France officiellement pour ses soins, et qui reste sous le couperet d\u2019un proc\u00e8s pour une s\u00e9rie de chefs d\u2019accusation \u00absigne\u00bb, par ce nouvel acte, son positionnement politique.<br \/>\nInculp\u00e9 en mars 2021 pour pr\u00e9somption de crimes \u00e9conomiques (corruption, blanchiment d\u2019argent, enrichissement illicite, dilapidation de biens publics, octroi d\u2019avantages indus et obstruction au d\u00e9roulement de la justice), l\u2019ancien pr\u00e9sident, soumis \u00e0 la r\u00e9sidence surveill\u00e9e depuis juin 2021, avait \u00e9t\u00e9 \u00e9largi \u00e0 la fin du d\u00e9lai l\u00e9gal, il y a quelques jours. Mais le parquet a annonc\u00e9 les poursuites contre lui dans un \u00e9ventuel proc\u00e8s encore en sourdine.<br \/>\nProc\u00e8s du r\u00e9gime en place ou son propre proc\u00e8s avant l\u2019heure, la rencontre de Bordeaux n\u2019a fait qu\u2019aggraver  des contradictions d\u00e9j\u00e0 l\u00e9gion dans les rapports de l\u2019ancien pr\u00e9sident et son successeur et \u00ab\u00a0ami de 40 ans\u00a0\u00bb.<\/p>\n","protected":false},"excerpt":{"rendered":"<p>Entre ceux qui l\u2019accusent d\u2019avoir appartenu pendant ses deux mandats \u00e0 un syst\u00e8me qui privil\u00e9gie les siens et des supporters inconditionnels, l\u2019ancien pr\u00e9sident Mohamed Ould Abdleaziz continue de d\u00e9cha\u00eener les passions parmi ses compatriotes. Invit\u00e9 lors d\u2019une conf\u00e9rence \u00e0 Bordeaux \u00e0 se prononcer sur la situation \u00e9conomique du pays \u00e0 la lumi\u00e8re de la gestion &hellip;<\/p>\n","protected":false},"author":2,"featured_media":2203,"comment_status":"open","ping_status":"open","sticky":false,"template":"","format":"standard","meta":{"footnotes":""},"categories":[18,2],"tags":[],"class_list":["post-2202","post","type-post","status-publish","format-standard","has-post-thumbnail","hentry","category-actualites","category-economie"],"_links":{"self":[{"href":"https:\/\/ladepeche.mr\/index.php?rest_route=\/wp\/v2\/posts\/2202","targetHints":{"allow":["GET"]}}],"collection":[{"href":"https:\/\/ladepeche.mr\/index.php?rest_route=\/wp\/v2\/posts"}],"about":[{"href":"https:\/\/ladepeche.mr\/index.php?rest_route=\/wp\/v2\/types\/post"}],"author":[{"embeddable":true,"href":"https:\/\/ladepeche.mr\/index.php?rest_route=\/wp\/v2\/users\/2"}],"replies":[{"embeddable":true,"href":"https:\/\/ladepeche.mr\/index.php?rest_route=%2Fwp%2Fv2%2Fcomments&post=2202"}],"version-history":[{"count":6,"href":"https:\/\/ladepeche.mr\/index.php?rest_route=\/wp\/v2\/posts\/2202\/revisions"}],"predecessor-version":[{"id":2219,"href":"https:\/\/ladepeche.mr\/index.php?rest_route=\/wp\/v2\/posts\/2202\/revisions\/2219"}],"wp:featuredmedia":[{"embeddable":true,"href":"https:\/\/ladepeche.mr\/index.php?rest_route=\/wp\/v2\/media\/2203"}],"wp:attachment":[{"href":"https:\/\/ladepeche.mr\/index.php?rest_route=%2Fwp%2Fv2%2Fmedia&parent=2202"}],"wp:term":[{"taxonomy":"category","embeddable":true,"href":"https:\/\/ladepeche.mr\/index.php?rest_route=%2Fwp%2Fv2%2Fcategories&post=2202"},{"taxonomy":"post_tag","embeddable":true,"href":"https:\/\/ladepeche.mr\/index.php?rest_route=%2Fwp%2Fv2%2Ftags&post=2202"}],"curies":[{"name":"wp","href":"https:\/\/api.w.org\/{rel}","templated":true}]}}