{"id":2210,"date":"2022-10-03T11:33:03","date_gmt":"2022-10-03T11:33:03","guid":{"rendered":"https:\/\/ladepeche.mr\/?p=2210"},"modified":"2022-10-03T11:33:35","modified_gmt":"2022-10-03T11:33:35","slug":"burkina-la-cedeao-condamne-fermement-la-prise-de-pouvoir-par-la-force","status":"publish","type":"post","link":"https:\/\/ladepeche.mr\/?p=2210","title":{"rendered":"Burkina : La CEDEAO condamne \u00abfermement\u00bb la prise de pouvoir par la force"},"content":{"rendered":"<p>La Communaut\u00e9 \u00c9conomique des Etats de l\u2019Afrique de l\u2019Ouest (CEDEAO) a condamn\u00e9 fermement  \u00bb la prise de pouvoir par la force qui vient de s\u2019op\u00e9rer vendredi au Burkina Faso \u00bb.<\/p>\n<p>Dans un communiqu\u00e9 publi\u00e9 sur son site, la CEDEAO souligne qu\u2019elle \u00bb trouve inopportun ce nouveau coup de force au moment o\u00fa des progr\u00e8s ont \u00e9t\u00e9 r\u00e9alis\u00e9s, gr\u00e2ce \u00e0 la diplomatie et aux efforts de la CEDEAO pour un retour m\u00e9thodique \u00e0 l\u2019ordre constitutionnel au plus tard le 1ejuillet 2024\u2033.<\/p>\n<p>La CEDEAO \u00ab r\u00e9affirme son opposition sans r\u00e9serve \u00e0 toute prise ou maintien du pouvoir par des moyens non constitutionnels et exige le respect scrupuleux du chronogramme d\u00e9j\u00e0 retenu avec les Autorit\u00e9s de la Transition pour un retour rapide \u00e0 l\u2019ordre constitutionnel au plus tard le 1e juillet 2024 \u00bb, pr\u00e9cise la m\u00eame source.<br \/>\n\u00ab La CEDEAO met en garde toute institution, force ou groupe de personnes qui par des actes emp\u00eacherait le retour programm\u00e9 \u00e0 l\u2019ordre constitutionnel ou contribuerait \u00e0 la fragilisation de la paix et la stabilit\u00e9 du Burkina Faso et de la r\u00e9gion \u00bb, souligne le communiqu\u00e9.<\/p>\n<p>Le pr\u00e9sident de la transition du Burkina, le lieutenant-colonel Paul-Henri Sandaogo Damiba, arriv\u00e9 au pouvoir par un coup d\u2019Etat  en janvier dernier, a \u00e9t\u00e9 d\u00e9mis de ses fonctions, ont annonc\u00e9 des militaires, vendredi soir, sur la t\u00e9l\u00e9vision nationale.<\/p>\n<p>\u00ab Le lieutenant-colonel Damiba est d\u00e9mis de ses fonctions de pr\u00e9sident du Mouvement patriotique pour la sauvegarde et la restauration \u00bb (MPSR, organe dirigeant), ont d\u00e9clar\u00e9 les militaires dans un communiqu\u00e9 lu par un capitaine sur la t\u00e9l\u00e9vision nationale burkinab\u00e9.<\/p>\n<p>Le nouvel homme fort du pays, d\u00e9sign\u00e9 pr\u00e9sident du MPSR, est d\u00e9sormais le capitaine Ibrahim Traor\u00e9, a-t-il ajout\u00e9.<\/p>\n<p>Les militaires ont \u00e9galement annonc\u00e9 la fermeture des fronti\u00e8res terrestres et a\u00e9riennes du pays \u00e0 partir de minuit, ainsi que la suspension de la Constitution et la dissolution du gouvernement et de l\u2019Assembl\u00e9e l\u00e9gislative de transition. Un couvre-feu de 21H00 \u00e0 05H00 est aussi mis en place.<\/p>\n<p>Les militaires invoquent \u00ab la d\u00e9gradation continue de la situation s\u00e9curitaire \u00bb dans le pays.<\/p>\n<p>\u00ab Nous avons d\u00e9cid\u00e9 de prendre nos responsabilit\u00e9s, anim\u00e9s d\u2019un seul id\u00e9al, la restauration de la s\u00e9curit\u00e9 et de l\u2019int\u00e9grit\u00e9 de notre territoire \u00bb, ont-ils d\u00e9clar\u00e9.<\/p>\n<p>  M. Damiba avait promis en prenant le pouvoir le 24 janvier de faire de la s\u00e9curit\u00e9 sa priorit\u00e9, dans ce pays min\u00e9 depuis des ann\u00e9es par de sanglantes attaques jihadistes. Mais celles-ci se sont multipli\u00e9es ces derniers mois, notamment dans le Nord.<\/p>\n<p>  Depuis 2015, les attaques r\u00e9currentes de mouvements arm\u00e9s affili\u00e9s aux jihadistes d\u2019Al-Qa\u00efda et du groupe Etat islamique, principalement dans le nord et l\u2019est du pays, ont fait des milliers de morts et provoqu\u00e9 le d\u00e9placement de quelque deux millions de personnes.<\/p>\n<p>Depuis l\u2019an dernier, le Burkina est devenu l\u2019\u00e9picentre des violences dans le Sahel, avec plus d\u2019attaques meurtri\u00e8res qu\u2019au Mali ou au Niger en 2021, selon l\u2019ONG Acled.<\/p>\n<p>Plus de 40% du territoire est hors du contr\u00f4le de l\u2019Etat, selon des chiffres officiels.<\/p>\n<p>Par La r\u00e9daction, Comit\u00e9 Editorial &#8211;<\/p>\n","protected":false},"excerpt":{"rendered":"<p>La Communaut\u00e9 \u00c9conomique des Etats de l\u2019Afrique de l\u2019Ouest (CEDEAO) a condamn\u00e9 fermement \u00bb la prise de pouvoir par la force qui vient de s\u2019op\u00e9rer vendredi au Burkina Faso \u00bb. Dans un communiqu\u00e9 publi\u00e9 sur son site, la CEDEAO souligne qu\u2019elle \u00bb trouve inopportun ce nouveau coup de force au moment o\u00fa des progr\u00e8s ont &hellip;<\/p>\n","protected":false},"author":2,"featured_media":2211,"comment_status":"open","ping_status":"open","sticky":false,"template":"","format":"standard","meta":{"footnotes":""},"categories":[18,29,28],"tags":[],"class_list":["post-2210","post","type-post","status-publish","format-standard","has-post-thumbnail","hentry","category-actualites","category-monde","category-sahel"],"_links":{"self":[{"href":"https:\/\/ladepeche.mr\/index.php?rest_route=\/wp\/v2\/posts\/2210","targetHints":{"allow":["GET"]}}],"collection":[{"href":"https:\/\/ladepeche.mr\/index.php?rest_route=\/wp\/v2\/posts"}],"about":[{"href":"https:\/\/ladepeche.mr\/index.php?rest_route=\/wp\/v2\/types\/post"}],"author":[{"embeddable":true,"href":"https:\/\/ladepeche.mr\/index.php?rest_route=\/wp\/v2\/users\/2"}],"replies":[{"embeddable":true,"href":"https:\/\/ladepeche.mr\/index.php?rest_route=%2Fwp%2Fv2%2Fcomments&post=2210"}],"version-history":[{"count":2,"href":"https:\/\/ladepeche.mr\/index.php?rest_route=\/wp\/v2\/posts\/2210\/revisions"}],"predecessor-version":[{"id":2213,"href":"https:\/\/ladepeche.mr\/index.php?rest_route=\/wp\/v2\/posts\/2210\/revisions\/2213"}],"wp:featuredmedia":[{"embeddable":true,"href":"https:\/\/ladepeche.mr\/index.php?rest_route=\/wp\/v2\/media\/2211"}],"wp:attachment":[{"href":"https:\/\/ladepeche.mr\/index.php?rest_route=%2Fwp%2Fv2%2Fmedia&parent=2210"}],"wp:term":[{"taxonomy":"category","embeddable":true,"href":"https:\/\/ladepeche.mr\/index.php?rest_route=%2Fwp%2Fv2%2Fcategories&post=2210"},{"taxonomy":"post_tag","embeddable":true,"href":"https:\/\/ladepeche.mr\/index.php?rest_route=%2Fwp%2Fv2%2Ftags&post=2210"}],"curies":[{"name":"wp","href":"https:\/\/api.w.org\/{rel}","templated":true}]}}