{"id":2214,"date":"2022-10-03T11:42:43","date_gmt":"2022-10-03T11:42:43","guid":{"rendered":"https:\/\/ladepeche.mr\/?p=2214"},"modified":"2022-10-03T11:42:43","modified_gmt":"2022-10-03T11:42:43","slug":"le-secretariat-general-de-loci-deplore-la-non-prolongation-de-larmistice-au-yemen","status":"publish","type":"post","link":"https:\/\/ladepeche.mr\/?p=2214","title":{"rendered":"Le Secr\u00e9tariat G\u00e9n\u00e9ral de l&#8217;OCI d\u00e9plore la non-prolongation de l&#8217;armistice au Y\u00e9men"},"content":{"rendered":"<p>DJEDDAH, le 3 octobre 2022- Le Secr\u00e9tariat g\u00e9n\u00e9ral de l&#8217;Organisation de la Coop\u00e9ration Islamique (OCI) a d\u00e9plor\u00e9 l&#8217;absence d&#8217;un accord sur la prolongation de l&#8217;armistice au Y\u00e9men.<br \/>\nLe Secr\u00e9tariat g\u00e9n\u00e9ral avait confirm\u00e9 son appui aux efforts d\u00e9ploy\u00e9s par les Nations unies et son Envoy\u00e9 sp\u00e9cial en faveur de la prolongation de l&#8217;armistice, esp\u00e9rant que cela lui permettra de poursuivre ses d\u00e9marches en vue de parvenir \u00e0 une solution politique globale \u00e0 la crise y\u00e9m\u00e9nite, sur la base de l&#8217;initiative du Golfe, de ses m\u00e9canismes de mise en \u0153uvre, des conclusions du dialogue national inclusif et des R\u00e9solutions pertinentes du Conseil de s\u00e9curit\u00e9, y compris la R\u00e9solution 2216.<br \/>\nAussi, le Secr\u00e9tariat g\u00e9n\u00e9ral appr\u00e9cie-t-il les efforts du Conseil de coop\u00e9ration pour les \u00c9tats arabes du Golfe et le Royaume d&#8217;Arabie Saoudite aux fins de parvenir \u00e0 une solution politique durable \u00e0 la crise y\u00e9m\u00e9nite.<br \/>\nLe Secr\u00e9tariat g\u00e9n\u00e9ral de l&#8217;OCI r\u00e9affirme son soutien au Y\u00e9men pour mettre un terme aux souffrances de son peuple et lui garantir la s\u00e9curit\u00e9, la paix, la stabilit\u00e9 et le d\u00e9veloppement auxquels il aspire.<br \/>\nSource: OCI<\/p>\n","protected":false},"excerpt":{"rendered":"<p>DJEDDAH, le 3 octobre 2022- Le Secr\u00e9tariat g\u00e9n\u00e9ral de l&#8217;Organisation de la Coop\u00e9ration Islamique (OCI) a d\u00e9plor\u00e9 l&#8217;absence d&#8217;un accord sur la prolongation de l&#8217;armistice au Y\u00e9men. Le Secr\u00e9tariat g\u00e9n\u00e9ral avait confirm\u00e9 son appui aux efforts d\u00e9ploy\u00e9s par les Nations unies et son Envoy\u00e9 sp\u00e9cial en faveur de la prolongation de l&#8217;armistice, esp\u00e9rant que cela &hellip;<\/p>\n","protected":false},"author":2,"featured_media":1350,"comment_status":"open","ping_status":"open","sticky":false,"template":"","format":"standard","meta":{"footnotes":""},"categories":[18,29],"tags":[],"class_list":["post-2214","post","type-post","status-publish","format-standard","has-post-thumbnail","hentry","category-actualites","category-monde"],"_links":{"self":[{"href":"https:\/\/ladepeche.mr\/index.php?rest_route=\/wp\/v2\/posts\/2214","targetHints":{"allow":["GET"]}}],"collection":[{"href":"https:\/\/ladepeche.mr\/index.php?rest_route=\/wp\/v2\/posts"}],"about":[{"href":"https:\/\/ladepeche.mr\/index.php?rest_route=\/wp\/v2\/types\/post"}],"author":[{"embeddable":true,"href":"https:\/\/ladepeche.mr\/index.php?rest_route=\/wp\/v2\/users\/2"}],"replies":[{"embeddable":true,"href":"https:\/\/ladepeche.mr\/index.php?rest_route=%2Fwp%2Fv2%2Fcomments&post=2214"}],"version-history":[{"count":1,"href":"https:\/\/ladepeche.mr\/index.php?rest_route=\/wp\/v2\/posts\/2214\/revisions"}],"predecessor-version":[{"id":2215,"href":"https:\/\/ladepeche.mr\/index.php?rest_route=\/wp\/v2\/posts\/2214\/revisions\/2215"}],"wp:featuredmedia":[{"embeddable":true,"href":"https:\/\/ladepeche.mr\/index.php?rest_route=\/wp\/v2\/media\/1350"}],"wp:attachment":[{"href":"https:\/\/ladepeche.mr\/index.php?rest_route=%2Fwp%2Fv2%2Fmedia&parent=2214"}],"wp:term":[{"taxonomy":"category","embeddable":true,"href":"https:\/\/ladepeche.mr\/index.php?rest_route=%2Fwp%2Fv2%2Fcategories&post=2214"},{"taxonomy":"post_tag","embeddable":true,"href":"https:\/\/ladepeche.mr\/index.php?rest_route=%2Fwp%2Fv2%2Ftags&post=2214"}],"curies":[{"name":"wp","href":"https:\/\/api.w.org\/{rel}","templated":true}]}}