{"id":2224,"date":"2022-10-03T17:31:48","date_gmt":"2022-10-03T17:31:48","guid":{"rendered":"https:\/\/ladepeche.mr\/?p=2224"},"modified":"2022-10-03T17:31:48","modified_gmt":"2022-10-03T17:31:48","slug":"session-ordinaire-de-lassemblee-cheikh-ould-baya-en-rappelle-les-circonstances-et-invite-les-elus-a-jouer-leur-role","status":"publish","type":"post","link":"https:\/\/ladepeche.mr\/?p=2224","title":{"rendered":"Session ordinaire de l\u2019Assembl\u00e9e: Cheikh Ould Baya en rappelle les circonstances et invite les \u00e9lus \u00e0 jouer leur r\u00f4le"},"content":{"rendered":"<p>Le pr\u00e9sident de l&#8217;Assembl\u00e9e nationale, Cheikh Ould Baya, a pr\u00e9sid\u00e9, lundi, l&#8217;ouverture de la premi\u00e8re session parlementaire ordinaire pour l\u2019ann\u00e9e 2022-2023. Une occasion qui co\u00efncide, a-t-il dit, lors de son traditionnel discours inaugural, avec l&#8217;ouverture des classes apr\u00e8s l&#8217;adoption de la loi d&#8217;orientation pour le syst\u00e8me \u00e9ducatif national. Le pr\u00e9sident de l&#8217;Assembl\u00e9e nationale a, par ailleurs, rappel\u00e9 l&#8217;importance de cette session ordinaire pour d\u00e9battre de la loi des finances que pr\u00e9sente, chaque ann\u00e9e, le gouvernement et le r\u00f4le attendu des \u00e9lus dans de tels d\u00e9bats.<br \/>\nNous vous proposons l&#8217;int\u00e9gralit\u00e9 du discours du pr\u00e9sident de l&#8217;Assembl\u00e9e nationale<\/p>\n<p>\u201cAu nom d\u2019Allah Le Cl\u00e9ment Le Mis\u00e9ricordieux<\/p>\n<p>Paix et salut sur le Proph\u00e8te<\/p>\n<p>Excellences Messieurs les Ministres ;<\/p>\n<p>Coll\u00e8gues d\u00e9put\u00e9s,<\/p>\n<p>Mesdames et Messieurs,<\/p>\n<p>Nous voici, aujourd\u2019hui, \u00e0 la date constitutionnelle de la premi\u00e8re session ordinaire de l\u2019ann\u00e9e parlementaire 2022-2023, pour continuer \u00e0 exercer nos fonctions l\u00e9gislatives et de contr\u00f4le apr\u00e8s une pause qui nous a permis de retourner dans nos circonscriptions et de prendre connaissance des pr\u00e9occupations et des int\u00e9r\u00eats des ceux qui nous ont investi de la responsabilit\u00e9 de leur repr\u00e9sentation.<\/p>\n<p>Nul n\u2019est besoins pour moi de vous rappeler l\u2019importance de la premi\u00e8re session ordinaire, \u00e9tant donn\u00e9 qu\u2019elle voit annuellement l\u2019\u00e9tude de la loi de finances, qui est une concr\u00e9tisation de la politique du gouvernement au cours d\u2019un exercice budg\u00e9taire d\u00e9termin\u00e9, qui vous permettra de discuter et d\u2019\u00e9valuer toutes les politiques sectorielles de l\u2019ann\u00e9e en cours et de voir les plans de travail des minist\u00e8res pour l\u2019ann\u00e9e \u00e0 venir.<\/p>\n<p>Il est \u00e9galement pr\u00e9vu que notre session en cours d\u00e9batte de certains projets de loi r\u00e9glementaires importants qui, nous l\u2019esp\u00e9rons, contribueront \u00e0 am\u00e9liorer le code \u00e9lectoral et \u00e0 consolider la pratique d\u00e9mocratique dans notre pays.<\/p>\n<p>Mesdames et Messieurs,<\/p>\n<p>L\u2019ouverture de notre session actuelle co\u00efncide avec le retour des \u00e9l\u00e8ves et des \u00e9tudiants dans leurs \u00e9tablissements d\u2019enseignement, ce qui nous oblige \u2013 gouvernement, l\u00e9gislateurs et parents d\u2019\u00e9l\u00e8ves \u2013 \u00e0 faire \u00e0 \u00e9tudier les moyens les plus efficaces pour assurer le succ\u00e8s de la r\u00e9forme de l\u2019\u00e9ducation, qui a commenc\u00e9 sa cours de concertation qui a abouti \u00e0 l\u2019\u00e9laboration de la loi d\u2019orientation de l\u2019\u00e9ducation nationale. Loi que nous avons approuv\u00e9e lors de la derni\u00e8re session parlementaire dans l\u2019espoir qu\u2019elle fondera l\u2019\u00e9cole r\u00e9publicaine \u00e0 laquelle nous aspirons tous, car l\u2019avenir de notre pays passe par l\u2019investissement dans nos enfants et leur immunit\u00e9 contre les dangers de l\u2019ignorance, de la perversion et de l\u2019extr\u00e9misme.<\/p>\n<p>Coll\u00e8gues d\u00e9put\u00e9s<\/p>\n<p>Je suis convaincu que vous saurez assumer vos responsabilit\u00e9s par la participation active et responsable aux travaux de cette session parlementaire ordinaire qui, avec la b\u00e9n\u00e9diction d\u2019Allah, a \u00e9t\u00e9 d\u00e9clar\u00e9e ouverte conform\u00e9ment \u00e0 l\u2019article 52 (nouveau) de la Constitution et aux articles 54 et 55 du r\u00e8glement int\u00e9rieur de l\u2019Assembl\u00e9e nationale.<\/p>\n<p>Que la paix et la Mis\u00e9ricorde d\u2019Allah soient sur vous \u201c<\/p>\n","protected":false},"excerpt":{"rendered":"<p>Le pr\u00e9sident de l&#8217;Assembl\u00e9e nationale, Cheikh Ould Baya, a pr\u00e9sid\u00e9, lundi, l&#8217;ouverture de la premi\u00e8re session parlementaire ordinaire pour l\u2019ann\u00e9e 2022-2023. Une occasion qui co\u00efncide, a-t-il dit, lors de son traditionnel discours inaugural, avec l&#8217;ouverture des classes apr\u00e8s l&#8217;adoption de la loi d&#8217;orientation pour le syst\u00e8me \u00e9ducatif national. Le pr\u00e9sident de l&#8217;Assembl\u00e9e nationale a, par &hellip;<\/p>\n","protected":false},"author":2,"featured_media":2225,"comment_status":"open","ping_status":"open","sticky":false,"template":"","format":"standard","meta":{"footnotes":""},"categories":[18],"tags":[],"class_list":["post-2224","post","type-post","status-publish","format-standard","has-post-thumbnail","hentry","category-actualites"],"_links":{"self":[{"href":"https:\/\/ladepeche.mr\/index.php?rest_route=\/wp\/v2\/posts\/2224","targetHints":{"allow":["GET"]}}],"collection":[{"href":"https:\/\/ladepeche.mr\/index.php?rest_route=\/wp\/v2\/posts"}],"about":[{"href":"https:\/\/ladepeche.mr\/index.php?rest_route=\/wp\/v2\/types\/post"}],"author":[{"embeddable":true,"href":"https:\/\/ladepeche.mr\/index.php?rest_route=\/wp\/v2\/users\/2"}],"replies":[{"embeddable":true,"href":"https:\/\/ladepeche.mr\/index.php?rest_route=%2Fwp%2Fv2%2Fcomments&post=2224"}],"version-history":[{"count":1,"href":"https:\/\/ladepeche.mr\/index.php?rest_route=\/wp\/v2\/posts\/2224\/revisions"}],"predecessor-version":[{"id":2226,"href":"https:\/\/ladepeche.mr\/index.php?rest_route=\/wp\/v2\/posts\/2224\/revisions\/2226"}],"wp:featuredmedia":[{"embeddable":true,"href":"https:\/\/ladepeche.mr\/index.php?rest_route=\/wp\/v2\/media\/2225"}],"wp:attachment":[{"href":"https:\/\/ladepeche.mr\/index.php?rest_route=%2Fwp%2Fv2%2Fmedia&parent=2224"}],"wp:term":[{"taxonomy":"category","embeddable":true,"href":"https:\/\/ladepeche.mr\/index.php?rest_route=%2Fwp%2Fv2%2Fcategories&post=2224"},{"taxonomy":"post_tag","embeddable":true,"href":"https:\/\/ladepeche.mr\/index.php?rest_route=%2Fwp%2Fv2%2Ftags&post=2224"}],"curies":[{"name":"wp","href":"https:\/\/api.w.org\/{rel}","templated":true}]}}