{"id":2228,"date":"2022-10-04T14:02:37","date_gmt":"2022-10-04T14:02:37","guid":{"rendered":"https:\/\/ladepeche.mr\/?p=2228"},"modified":"2022-10-04T14:03:01","modified_gmt":"2022-10-04T14:03:01","slug":"mauritanie-mali-des-partis-politiques-en-premiere-ligne-pour-favoriser-le-bon-voisinage","status":"publish","type":"post","link":"https:\/\/ladepeche.mr\/?p=2228","title":{"rendered":"Mauritanie-Mali : Des partis politiques en premi\u00e8re ligne pour favoriser le bon voisinage"},"content":{"rendered":"<p>Des dirigeants du parti mauritanien Al-Islah et celui de la Convergence pour le d\u00e9veloppement du Mali (Codem) se sont retrouv\u00e9s, mardi, \u00e0 Bamako pour d\u00e9battre lors d\u2019un atelier international de co-d\u00e9veloppement et du vivre ensemble aux fronti\u00e8res entre les deux pays. Une initiative qui vient en renfort aux efforts des deux Etats pour s\u00e9curiser leurs fronti\u00e8res.<br \/>\nUne rencontre qui vient \u00e0 point nomm\u00e9 apr\u00e8s les nombreux incidents enregistr\u00e9s ces derniers temps le long des fronti\u00e8res des deux pays. Les deux partis politiques qui s\u2019investissent ainsi pour favoriser le bon voisinage et la solidarit\u00e9 entre les deux pays fr\u00e8res devraient pr\u00e9senter des analyses et expertises de leurs perceptions pour une meilleure gestion des relations frontali\u00e8res face \u00e0 de nombreux d\u00e9fis comme la circulation des personnes et des biens entre les deux pays mais aussi et surtout face \u00e0 la menace du terrorisme dans la sous-r\u00e9gion.<br \/>\nLa d\u00e9l\u00e9gation du parti Al-Islah, qui soutient le programme du pr\u00e9sident Mohamed Ould Cheikh Ghazaouni, est compos\u00e9e des vice-pr\u00e9sident du parti, Brahim Ould Hadj El Mokhtar,  Dr Diagana Mohamed, Mohamed Lemine Sidi El Moustaph, membre du comit\u00e9 ex\u00e9cutif du parti et Dr Sow Amad Jani, membre du comit\u00e9 ex\u00e9cutif charg\u00e9 de la solidarit\u00e9 et du vivre ensemble et enfin Abdelwedoud Jeylani, charg\u00e9 des affaires diplomatiques.<br \/>\nLe parti Al-Islah, rappelle-t-on, est pr\u00e9sid\u00e9 par Me Mohamed Ould Ahmed Salem Ould Talebna,<br \/>\nQuant \u00e0 la Convergence pour le d\u00e9veloppement du Mali (Codem) fond\u00e9 le 24 mai 2008 par Housseini Amion Guindo dit \u00abPoulo\u00bb, s\u2019identifie comme \u00ab une organisation politique \u00e0 vocation africaine\u00bb et est assez bien repr\u00e9sent\u00e9 avec un groupe parlementaire et plusieurs centaines de conseillers municipaux.<\/p>\n","protected":false},"excerpt":{"rendered":"<p>Des dirigeants du parti mauritanien Al-Islah et celui de la Convergence pour le d\u00e9veloppement du Mali (Codem) se sont retrouv\u00e9s, mardi, \u00e0 Bamako pour d\u00e9battre lors d\u2019un atelier international de co-d\u00e9veloppement et du vivre ensemble aux fronti\u00e8res entre les deux pays. Une initiative qui vient en renfort aux efforts des deux Etats pour s\u00e9curiser leurs &hellip;<\/p>\n","protected":false},"author":2,"featured_media":2229,"comment_status":"open","ping_status":"open","sticky":false,"template":"","format":"standard","meta":{"footnotes":""},"categories":[18,29,28],"tags":[],"class_list":["post-2228","post","type-post","status-publish","format-standard","has-post-thumbnail","hentry","category-actualites","category-monde","category-sahel"],"_links":{"self":[{"href":"https:\/\/ladepeche.mr\/index.php?rest_route=\/wp\/v2\/posts\/2228","targetHints":{"allow":["GET"]}}],"collection":[{"href":"https:\/\/ladepeche.mr\/index.php?rest_route=\/wp\/v2\/posts"}],"about":[{"href":"https:\/\/ladepeche.mr\/index.php?rest_route=\/wp\/v2\/types\/post"}],"author":[{"embeddable":true,"href":"https:\/\/ladepeche.mr\/index.php?rest_route=\/wp\/v2\/users\/2"}],"replies":[{"embeddable":true,"href":"https:\/\/ladepeche.mr\/index.php?rest_route=%2Fwp%2Fv2%2Fcomments&post=2228"}],"version-history":[{"count":2,"href":"https:\/\/ladepeche.mr\/index.php?rest_route=\/wp\/v2\/posts\/2228\/revisions"}],"predecessor-version":[{"id":2231,"href":"https:\/\/ladepeche.mr\/index.php?rest_route=\/wp\/v2\/posts\/2228\/revisions\/2231"}],"wp:featuredmedia":[{"embeddable":true,"href":"https:\/\/ladepeche.mr\/index.php?rest_route=\/wp\/v2\/media\/2229"}],"wp:attachment":[{"href":"https:\/\/ladepeche.mr\/index.php?rest_route=%2Fwp%2Fv2%2Fmedia&parent=2228"}],"wp:term":[{"taxonomy":"category","embeddable":true,"href":"https:\/\/ladepeche.mr\/index.php?rest_route=%2Fwp%2Fv2%2Fcategories&post=2228"},{"taxonomy":"post_tag","embeddable":true,"href":"https:\/\/ladepeche.mr\/index.php?rest_route=%2Fwp%2Fv2%2Ftags&post=2228"}],"curies":[{"name":"wp","href":"https:\/\/api.w.org\/{rel}","templated":true}]}}