{"id":2232,"date":"2022-10-04T14:19:54","date_gmt":"2022-10-04T14:19:54","guid":{"rendered":"https:\/\/ladepeche.mr\/?p=2232"},"modified":"2022-10-04T14:20:15","modified_gmt":"2022-10-04T14:20:15","slug":"politique-demission-imminente-de-la-ceni","status":"publish","type":"post","link":"https:\/\/ladepeche.mr\/?p=2232","title":{"rendered":"Politique: d\u00e9mission imminente du pr\u00e9sident et des membres de la Ceni"},"content":{"rendered":"<p>Le pr\u00e9sident et les membres de la Commission Electorale Nationale Ind\u00e9pendante (CENI) devraient rendre leur d\u00e9mission dans le sillage  des n\u00e9gociations engag\u00e9es pour rganiser des \u00e9lections anticip\u00e9es consensuelles et transparentes.<br \/>\nOn apprend, apr ailleurs, que le minist\u00e8re de l&#8217;int\u00e9rieur aurait convoqu\u00e9 les partis politiques, sans doute pour des propositions dans la composition de la future CENI.<br \/>\nLe choix du pr\u00e9sident de la CENI, poste occup\u00e9 depuis 2018, par l&#8217;ancien ministre des affaires \u00e9trang\u00e8res, Mohamed Vall Ould Bellal, contest\u00e9 par l&#8217;Opposition \u00e0 l&#8217;\u00e9poque, devrait revenir \u00e0 une personnalit\u00e9 &#8220;probe&#8221; et &#8220;consensuelle&#8221; qui rassure toutes les parties en lice. <\/p>\n","protected":false},"excerpt":{"rendered":"<p>Le pr\u00e9sident et les membres de la Commission Electorale Nationale Ind\u00e9pendante (CENI) devraient rendre leur d\u00e9mission dans le sillage des n\u00e9gociations engag\u00e9es pour rganiser des \u00e9lections anticip\u00e9es consensuelles et transparentes. On apprend, apr ailleurs, que le minist\u00e8re de l&#8217;int\u00e9rieur aurait convoqu\u00e9 les partis politiques, sans doute pour des propositions dans la composition de la future &hellip;<\/p>\n","protected":false},"author":2,"featured_media":2233,"comment_status":"open","ping_status":"open","sticky":false,"template":"","format":"standard","meta":{"footnotes":""},"categories":[18],"tags":[],"class_list":["post-2232","post","type-post","status-publish","format-standard","has-post-thumbnail","hentry","category-actualites"],"_links":{"self":[{"href":"https:\/\/ladepeche.mr\/index.php?rest_route=\/wp\/v2\/posts\/2232","targetHints":{"allow":["GET"]}}],"collection":[{"href":"https:\/\/ladepeche.mr\/index.php?rest_route=\/wp\/v2\/posts"}],"about":[{"href":"https:\/\/ladepeche.mr\/index.php?rest_route=\/wp\/v2\/types\/post"}],"author":[{"embeddable":true,"href":"https:\/\/ladepeche.mr\/index.php?rest_route=\/wp\/v2\/users\/2"}],"replies":[{"embeddable":true,"href":"https:\/\/ladepeche.mr\/index.php?rest_route=%2Fwp%2Fv2%2Fcomments&post=2232"}],"version-history":[{"count":2,"href":"https:\/\/ladepeche.mr\/index.php?rest_route=\/wp\/v2\/posts\/2232\/revisions"}],"predecessor-version":[{"id":2235,"href":"https:\/\/ladepeche.mr\/index.php?rest_route=\/wp\/v2\/posts\/2232\/revisions\/2235"}],"wp:featuredmedia":[{"embeddable":true,"href":"https:\/\/ladepeche.mr\/index.php?rest_route=\/wp\/v2\/media\/2233"}],"wp:attachment":[{"href":"https:\/\/ladepeche.mr\/index.php?rest_route=%2Fwp%2Fv2%2Fmedia&parent=2232"}],"wp:term":[{"taxonomy":"category","embeddable":true,"href":"https:\/\/ladepeche.mr\/index.php?rest_route=%2Fwp%2Fv2%2Fcategories&post=2232"},{"taxonomy":"post_tag","embeddable":true,"href":"https:\/\/ladepeche.mr\/index.php?rest_route=%2Fwp%2Fv2%2Ftags&post=2232"}],"curies":[{"name":"wp","href":"https:\/\/api.w.org\/{rel}","templated":true}]}}