{"id":2236,"date":"2022-10-04T14:41:22","date_gmt":"2022-10-04T14:41:22","guid":{"rendered":"https:\/\/ladepeche.mr\/?p=2236"},"modified":"2022-10-04T14:41:22","modified_gmt":"2022-10-04T14:41:22","slug":"tcn-une-bonne-action-ne-passe-pas-inapercue","status":"publish","type":"post","link":"https:\/\/ladepeche.mr\/?p=2236","title":{"rendered":"TCN: Une bonne action ne passe pas inaper\u00e7ue"},"content":{"rendered":"<p>Malgr\u00e9 les circonstances de sa mise en place, Terminal Containers of Nouakchott (TCN) se fait remarquer comme une entreprise \u201cenvironnementalement\u201d responsable. Il en \u00e9tait en tout cas ainsi le 29 septembre dernier \u00e0 l\u2019occasion de la journ\u00e9e mondiale de la mer. TCN a en effet mis la main au nettoyage de la plage de Nouakchott dans un souci \u00e9vident de protection de l\u2019environnement marin o\u00f9 elle a les deux pieds.<br \/>\nL\u2019entreprise souligne m\u00eame \u201cson souci de recourir \u00e0 des technologies innovantes et durables respectueuses de l&#8217;\u00e9cosyst\u00e8me naturel de la mer\u201d. Une promesse qui vaut son pesant de\u2026containers.<\/p>\n","protected":false},"excerpt":{"rendered":"<p>Malgr\u00e9 les circonstances de sa mise en place, Terminal Containers of Nouakchott (TCN) se fait remarquer comme une entreprise \u201cenvironnementalement\u201d responsable. Il en \u00e9tait en tout cas ainsi le 29 septembre dernier \u00e0 l\u2019occasion de la journ\u00e9e mondiale de la mer. TCN a en effet mis la main au nettoyage de la plage de Nouakchott &hellip;<\/p>\n","protected":false},"author":2,"featured_media":2237,"comment_status":"open","ping_status":"open","sticky":false,"template":"","format":"standard","meta":{"footnotes":""},"categories":[25],"tags":[],"class_list":["post-2236","post","type-post","status-publish","format-standard","has-post-thumbnail","hentry","category-en-forme"],"_links":{"self":[{"href":"https:\/\/ladepeche.mr\/index.php?rest_route=\/wp\/v2\/posts\/2236","targetHints":{"allow":["GET"]}}],"collection":[{"href":"https:\/\/ladepeche.mr\/index.php?rest_route=\/wp\/v2\/posts"}],"about":[{"href":"https:\/\/ladepeche.mr\/index.php?rest_route=\/wp\/v2\/types\/post"}],"author":[{"embeddable":true,"href":"https:\/\/ladepeche.mr\/index.php?rest_route=\/wp\/v2\/users\/2"}],"replies":[{"embeddable":true,"href":"https:\/\/ladepeche.mr\/index.php?rest_route=%2Fwp%2Fv2%2Fcomments&post=2236"}],"version-history":[{"count":1,"href":"https:\/\/ladepeche.mr\/index.php?rest_route=\/wp\/v2\/posts\/2236\/revisions"}],"predecessor-version":[{"id":2238,"href":"https:\/\/ladepeche.mr\/index.php?rest_route=\/wp\/v2\/posts\/2236\/revisions\/2238"}],"wp:featuredmedia":[{"embeddable":true,"href":"https:\/\/ladepeche.mr\/index.php?rest_route=\/wp\/v2\/media\/2237"}],"wp:attachment":[{"href":"https:\/\/ladepeche.mr\/index.php?rest_route=%2Fwp%2Fv2%2Fmedia&parent=2236"}],"wp:term":[{"taxonomy":"category","embeddable":true,"href":"https:\/\/ladepeche.mr\/index.php?rest_route=%2Fwp%2Fv2%2Fcategories&post=2236"},{"taxonomy":"post_tag","embeddable":true,"href":"https:\/\/ladepeche.mr\/index.php?rest_route=%2Fwp%2Fv2%2Ftags&post=2236"}],"curies":[{"name":"wp","href":"https:\/\/api.w.org\/{rel}","templated":true}]}}