{"id":2239,"date":"2022-10-05T09:58:11","date_gmt":"2022-10-05T09:58:11","guid":{"rendered":"https:\/\/ladepeche.mr\/?p=2239"},"modified":"2022-10-05T09:58:38","modified_gmt":"2022-10-05T09:58:38","slug":"sem-alexandre-garcia-nouvel-ambassadeur-de-france-a-nouakchott-un-connaisseur-du-sahel-et-du-monde-arabe","status":"publish","type":"post","link":"https:\/\/ladepeche.mr\/?p=2239","title":{"rendered":"SEM Alexandre Garcia, nouvel ambassadeur de France \u00e0 Nouakchott: un connaisseur du Sahel et du Monde Arabe"},"content":{"rendered":"<p>Le Pr\u00e9sident de la R\u00e9publique, Son Excellence Monsieur Mohamed Ould Cheikh El Ghazouani a re\u00e7u, mardi au palais pr\u00e9sidentiel \u00e0 Nouakchott, les lettres de cr\u00e9ances de SEM Alexandre Garcia, en sa qualit\u00e9 d\u2019ambassadeur extraordinaire et pl\u00e9nipotentiaire de la R\u00e9publique Fran\u00e7aise aupr\u00e8s de la R\u00e9publique Islamique de la Mauritanie.<br \/>\nN\u00e9 en 1968, SEM Alexandre Garcia a fait des \u00e9tudes universitaires en droit et a servi dans plusieurs pays comme la Tunisie, l\u2019Irak ou encore l\u2019Alg\u00e9rie. Il \u00e9tait en poste comme ambassadeur de France au Niger depuis janvier 2019. SEM qui remplace \u00e0 son poste R. Mouli\u00e9, est donc bien impr\u00e9gn\u00e9 des r\u00e9alit\u00e9s au Sahel mais aussi celles monde arabe. Il est dipl\u00f4m\u00e9 de l\u2019Institut national des langues et civilisations orientales.<br \/>\nDans une d\u00e9claration faite \u00e0 nos confr\u00e8res de la presse officielle, le diplomate fran\u00e7ais a lou\u00e9 les relations bilat\u00e9rales entre les deux pays et aurait confi\u00e9 que la Mauritanie \u00e9tait \u00abun pays qui compte beaucoup pour la France\u00bb.<br \/>\nIl a, par ailleurs, r\u00e9v\u00e9l\u00e9 qu&#8217;il mettra un accent \u00e0 rehausser la coop\u00e9ration \u00e9conomique en rencontrant prochainement les acteurs \u00e9conomiques mauritaniens.  <\/p>\n","protected":false},"excerpt":{"rendered":"<p>Le Pr\u00e9sident de la R\u00e9publique, Son Excellence Monsieur Mohamed Ould Cheikh El Ghazouani a re\u00e7u, mardi au palais pr\u00e9sidentiel \u00e0 Nouakchott, les lettres de cr\u00e9ances de SEM Alexandre Garcia, en sa qualit\u00e9 d\u2019ambassadeur extraordinaire et pl\u00e9nipotentiaire de la R\u00e9publique Fran\u00e7aise aupr\u00e8s de la R\u00e9publique Islamique de la Mauritanie. N\u00e9 en 1968, SEM Alexandre Garcia a &hellip;<\/p>\n","protected":false},"author":2,"featured_media":2240,"comment_status":"open","ping_status":"open","sticky":false,"template":"","format":"standard","meta":{"footnotes":""},"categories":[18],"tags":[],"class_list":["post-2239","post","type-post","status-publish","format-standard","has-post-thumbnail","hentry","category-actualites"],"_links":{"self":[{"href":"https:\/\/ladepeche.mr\/index.php?rest_route=\/wp\/v2\/posts\/2239","targetHints":{"allow":["GET"]}}],"collection":[{"href":"https:\/\/ladepeche.mr\/index.php?rest_route=\/wp\/v2\/posts"}],"about":[{"href":"https:\/\/ladepeche.mr\/index.php?rest_route=\/wp\/v2\/types\/post"}],"author":[{"embeddable":true,"href":"https:\/\/ladepeche.mr\/index.php?rest_route=\/wp\/v2\/users\/2"}],"replies":[{"embeddable":true,"href":"https:\/\/ladepeche.mr\/index.php?rest_route=%2Fwp%2Fv2%2Fcomments&post=2239"}],"version-history":[{"count":1,"href":"https:\/\/ladepeche.mr\/index.php?rest_route=\/wp\/v2\/posts\/2239\/revisions"}],"predecessor-version":[{"id":2241,"href":"https:\/\/ladepeche.mr\/index.php?rest_route=\/wp\/v2\/posts\/2239\/revisions\/2241"}],"wp:featuredmedia":[{"embeddable":true,"href":"https:\/\/ladepeche.mr\/index.php?rest_route=\/wp\/v2\/media\/2240"}],"wp:attachment":[{"href":"https:\/\/ladepeche.mr\/index.php?rest_route=%2Fwp%2Fv2%2Fmedia&parent=2239"}],"wp:term":[{"taxonomy":"category","embeddable":true,"href":"https:\/\/ladepeche.mr\/index.php?rest_route=%2Fwp%2Fv2%2Fcategories&post=2239"},{"taxonomy":"post_tag","embeddable":true,"href":"https:\/\/ladepeche.mr\/index.php?rest_route=%2Fwp%2Fv2%2Ftags&post=2239"}],"curies":[{"name":"wp","href":"https:\/\/api.w.org\/{rel}","templated":true}]}}