{"id":2242,"date":"2022-10-05T12:36:52","date_gmt":"2022-10-05T12:36:52","guid":{"rendered":"https:\/\/ladepeche.mr\/?p=2242"},"modified":"2022-10-05T14:03:02","modified_gmt":"2022-10-05T14:03:02","slug":"oaci-ibrahima-kane-deploie-ses-ailes","status":"publish","type":"post","link":"https:\/\/ladepeche.mr\/?p=2242","title":{"rendered":"OACI : Ibrahima Kane d\u00e9ploie ses ailes !"},"content":{"rendered":"<p>Notre compatriote, Ibrahima Kane, candidat au conseil de l\u2019organisation de l\u2019aviation civile internationale (OACI) pour le troisi\u00e8me groupe (Afrique du Nord) a \u00e9t\u00e9 \u00e9lu haut la main \u00e0 ce poste, lors des \u00e9lections de cette organisation tenues \u00e0 Montr\u00e9al au Canada.<br \/>\nAncien DG de la SAM, conseiller \u00e0 la primature, notre candidat a r\u00e9uni 143 votes \u00e0 son profit sur un total de 175 possibles. En plus de ses qualit\u00e9s personnelles, le candidat mauritanien a pu compter sur le r\u00f4le et le lobbying jou\u00e9 par la d\u00e9l\u00e9gation mauritanienne conduite par le ministre Mokhtar Ahmed El Yedali, ministre de la Transformation Num\u00e9rique, de l\u2019Innovation et de la Modernisation de l\u2019Administration et ancien ministre de l\u2019\u00e9quipement et des transports, poste o\u00f9 il aurait pilot\u00e9 cette candidature.<\/p>\n","protected":false},"excerpt":{"rendered":"<p>Notre compatriote, Ibrahima Kane, candidat au conseil de l\u2019organisation de l\u2019aviation civile internationale (OACI) pour le troisi\u00e8me groupe (Afrique du Nord) a \u00e9t\u00e9 \u00e9lu haut la main \u00e0 ce poste, lors des \u00e9lections de cette organisation tenues \u00e0 Montr\u00e9al au Canada. Ancien DG de la SAM, conseiller \u00e0 la primature, notre candidat a r\u00e9uni 143 &hellip;<\/p>\n","protected":false},"author":2,"featured_media":2246,"comment_status":"open","ping_status":"open","sticky":false,"template":"","format":"standard","meta":{"footnotes":""},"categories":[25],"tags":[],"class_list":["post-2242","post","type-post","status-publish","format-standard","has-post-thumbnail","hentry","category-en-forme"],"_links":{"self":[{"href":"https:\/\/ladepeche.mr\/index.php?rest_route=\/wp\/v2\/posts\/2242","targetHints":{"allow":["GET"]}}],"collection":[{"href":"https:\/\/ladepeche.mr\/index.php?rest_route=\/wp\/v2\/posts"}],"about":[{"href":"https:\/\/ladepeche.mr\/index.php?rest_route=\/wp\/v2\/types\/post"}],"author":[{"embeddable":true,"href":"https:\/\/ladepeche.mr\/index.php?rest_route=\/wp\/v2\/users\/2"}],"replies":[{"embeddable":true,"href":"https:\/\/ladepeche.mr\/index.php?rest_route=%2Fwp%2Fv2%2Fcomments&post=2242"}],"version-history":[{"count":2,"href":"https:\/\/ladepeche.mr\/index.php?rest_route=\/wp\/v2\/posts\/2242\/revisions"}],"predecessor-version":[{"id":2251,"href":"https:\/\/ladepeche.mr\/index.php?rest_route=\/wp\/v2\/posts\/2242\/revisions\/2251"}],"wp:featuredmedia":[{"embeddable":true,"href":"https:\/\/ladepeche.mr\/index.php?rest_route=\/wp\/v2\/media\/2246"}],"wp:attachment":[{"href":"https:\/\/ladepeche.mr\/index.php?rest_route=%2Fwp%2Fv2%2Fmedia&parent=2242"}],"wp:term":[{"taxonomy":"category","embeddable":true,"href":"https:\/\/ladepeche.mr\/index.php?rest_route=%2Fwp%2Fv2%2Fcategories&post=2242"},{"taxonomy":"post_tag","embeddable":true,"href":"https:\/\/ladepeche.mr\/index.php?rest_route=%2Fwp%2Fv2%2Ftags&post=2242"}],"curies":[{"name":"wp","href":"https:\/\/api.w.org\/{rel}","templated":true}]}}