{"id":2252,"date":"2022-10-05T14:24:17","date_gmt":"2022-10-05T14:24:17","guid":{"rendered":"https:\/\/ladepeche.mr\/?p=2252"},"modified":"2022-10-05T14:24:17","modified_gmt":"2022-10-05T14:24:17","slug":"elections-anticipees-le-comite-directeur-pret-a-passer-mandat-a-la-nouvelle-ceni-officiel","status":"publish","type":"post","link":"https:\/\/ladepeche.mr\/?p=2252","title":{"rendered":"Elections anticip\u00e9es: Le Comit\u00e9 directeur pr\u00eat \u00e0 passer mandat \u00e0 la nouvelle CENI (officiel)"},"content":{"rendered":"<p>Le Comit\u00e9 directeur de la Commission \u00e9lectorale nationale ind\u00e9pendante (CENI) a annonc\u00e9, dans un communiqu\u00e9 en date du 04 octobre 20022, la \u00ab disponibilit\u00e9 de ses membres \u00e0 passer mandat \u00e0 la nouvelle CENI \u00bb, souhait \u00e0 celle-ci \u00ab plein succ\u00e8s, et au pays plus d\u2019unit\u00e9, de d\u00e9mocratie et de progr\u00e8s \u00bb<br \/>\nVoici le texte du communiqu\u00e9 de la CENI dont copie est parvenue \u00e0 l\u2019AMI :<br \/>\n\u00ab Nous, membres de la Commission Electorale Nationale Ind\u00e9pendante, r\u00e9unis en session extraordinaire le 03 octobre 2022 :<br \/>\nPrenant acte de l\u2019Accord sign\u00e9 entre le Gouvernement et les partis politiques le 26\/09\/2022, relatif \u00e0 la pr\u00e9paration participative des prochaines \u00e9lections, et pr\u00e9voyant, entre autres, la composition d\u2019une nouvelle CENI avant le 31 octobre 2022 \u00e0 l\u2019effet d\u2019organiser les prochaines \u00e9ch\u00e9ances :<br \/>\n\u2013 Adressons nos vives f\u00e9licitations aux partenaires du processus \u00e9lectoral pour le consensus r\u00e9alis\u00e9 ;<br \/>\n\u2013 D\u00e9clarons notre disponibilit\u00e9 \u00e0 passer mandat \u00e0 la nouvelle CENI \u00e0 laquelle nous souhaitons plein succ\u00e8s, et au pays plus d\u2019unit\u00e9, de d\u00e9mocratie et de progr\u00e8s \u00bb.<br \/>\nAmi<\/p>\n","protected":false},"excerpt":{"rendered":"<p>Le Comit\u00e9 directeur de la Commission \u00e9lectorale nationale ind\u00e9pendante (CENI) a annonc\u00e9, dans un communiqu\u00e9 en date du 04 octobre 20022, la \u00ab disponibilit\u00e9 de ses membres \u00e0 passer mandat \u00e0 la nouvelle CENI \u00bb, souhait \u00e0 celle-ci \u00ab plein succ\u00e8s, et au pays plus d\u2019unit\u00e9, de d\u00e9mocratie et de progr\u00e8s \u00bb Voici le texte &hellip;<\/p>\n","protected":false},"author":2,"featured_media":2253,"comment_status":"open","ping_status":"open","sticky":false,"template":"","format":"standard","meta":{"footnotes":""},"categories":[18],"tags":[],"class_list":["post-2252","post","type-post","status-publish","format-standard","has-post-thumbnail","hentry","category-actualites"],"_links":{"self":[{"href":"https:\/\/ladepeche.mr\/index.php?rest_route=\/wp\/v2\/posts\/2252","targetHints":{"allow":["GET"]}}],"collection":[{"href":"https:\/\/ladepeche.mr\/index.php?rest_route=\/wp\/v2\/posts"}],"about":[{"href":"https:\/\/ladepeche.mr\/index.php?rest_route=\/wp\/v2\/types\/post"}],"author":[{"embeddable":true,"href":"https:\/\/ladepeche.mr\/index.php?rest_route=\/wp\/v2\/users\/2"}],"replies":[{"embeddable":true,"href":"https:\/\/ladepeche.mr\/index.php?rest_route=%2Fwp%2Fv2%2Fcomments&post=2252"}],"version-history":[{"count":1,"href":"https:\/\/ladepeche.mr\/index.php?rest_route=\/wp\/v2\/posts\/2252\/revisions"}],"predecessor-version":[{"id":2254,"href":"https:\/\/ladepeche.mr\/index.php?rest_route=\/wp\/v2\/posts\/2252\/revisions\/2254"}],"wp:featuredmedia":[{"embeddable":true,"href":"https:\/\/ladepeche.mr\/index.php?rest_route=\/wp\/v2\/media\/2253"}],"wp:attachment":[{"href":"https:\/\/ladepeche.mr\/index.php?rest_route=%2Fwp%2Fv2%2Fmedia&parent=2252"}],"wp:term":[{"taxonomy":"category","embeddable":true,"href":"https:\/\/ladepeche.mr\/index.php?rest_route=%2Fwp%2Fv2%2Fcategories&post=2252"},{"taxonomy":"post_tag","embeddable":true,"href":"https:\/\/ladepeche.mr\/index.php?rest_route=%2Fwp%2Fv2%2Ftags&post=2252"}],"curies":[{"name":"wp","href":"https:\/\/api.w.org\/{rel}","templated":true}]}}