{"id":2257,"date":"2022-10-05T19:54:30","date_gmt":"2022-10-05T19:54:30","guid":{"rendered":"https:\/\/ladepeche.mr\/?p=2257"},"modified":"2022-10-05T19:54:30","modified_gmt":"2022-10-05T19:54:30","slug":"au-conseil-des-ministres-creation-dun-etablissement-en-charge-de-la-securite-sanitaire-des-produits-alimentaires","status":"publish","type":"post","link":"https:\/\/ladepeche.mr\/?p=2257","title":{"rendered":"Au Conseil des Ministres : Cr\u00e9ation d\u2019un \u00e9tablissement en charge de la s\u00e9curit\u00e9 sanitaire des produits alimentaires"},"content":{"rendered":"<p>Le Conseil des Ministres s\u2019est r\u00e9uni le Mercredi 05 octobre 2022 sous la Pr\u00e9sidence de Son Excellence Monsieur le Pr\u00e9sident de la R\u00e9publique Mohamed Ould Cheikh El-Ghazouani.<\/p>\n<p>Le Conseil a examin\u00e9 et adopt\u00e9 un projet de d\u00e9cret portant cr\u00e9ation, organisation et fonctionnement d\u2019un Etablissement Public \u00e0 caract\u00e8re Industriel et Commercial, d\u00e9nomm\u00e9 \u00ab Office National des Ports de P\u00eache (ONPP) \u00bb.<\/p>\n<p>Le projet de d\u00e9cret actuel apporte un certain nombre d\u2019avantages en termes de mutualisation des moyens techniques, financiers et humains, de d\u00e9veloppement et de modernisation des infrastructures portuaires de p\u00eache et de d\u00e9barquement des produits de la p\u00eache, de pilotage du sch\u00e9ma directeur des infrastructures portuaires et d\u2019am\u00e9lioration de l\u2019offre portuaire en coh\u00e9rence avec les orientations strat\u00e9giques et les priorit\u00e9s de la politique sectorielle dans un souci d\u2019efficacit\u00e9, d\u2019efficience et de respect des engagements internationaux.<\/p>\n<p>Le Ministre de la Justice a pr\u00e9sent\u00e9 une communication sur les \u00e9tats g\u00e9n\u00e9raux de la justice (R\u00e9flexion participative sur la justice que nous voulons).<\/p>\n<p>Cette communication propose l\u2019organisation de forums publics sur la justice, dans le but d\u2019obtenir des r\u00e9sultats \u00e0 m\u00eame de promouvoir le secteur et lui permettre d\u2019accompagner les grandes transformations que connait notre pays aujourd\u2019hui.<\/p>\n<p>C\u2019est \u00e0 juste titre que se concr\u00e9tise la vision contenue dans la d\u00e9claration de politique g\u00e9n\u00e9rale du gouvernement visant \u00e0 mettre en \u0153uvre le programme de Son Excellence le Pr\u00e9sident de la R\u00e9publique, en l\u2019occurrence Mes engagements.<\/p>\n<p>Le Ministre des Affaires Etrang\u00e8res, de la Coop\u00e9ration et des Mauritaniens de l\u2019Ext\u00e9rieur a pr\u00e9sent\u00e9 une communication relative \u00e0 la situation internationale.<\/p>\n<p>Le Ministre de l\u2019Int\u00e9rieur et de la D\u00e9centralisation a pr\u00e9sent\u00e9 une communication relative \u00e0 la situation int\u00e9rieure.<\/p>\n<p>Le Ministre des Finances et le Ministre de l\u2019Habitat, de l\u2019Urbanisme et de l\u2019Am\u00e9nagement du Territoire ont pr\u00e9sent\u00e9 une communication relative au probl\u00e8me de la propri\u00e9t\u00e9 fonci\u00e8re dans la ville de Nouakchott.<\/p>\n<p>Cette communication vise \u00e0 diagnostiquer la r\u00e9alit\u00e9 de la gestion de la propri\u00e9t\u00e9 fonci\u00e8re dans notre pays, et les moyens de changer les d\u00e9s\u00e9quilibres qui existent en raison de l\u2019accumulation de gestions dysfonctionnelles, avec une volont\u00e9 s\u00e9rieuse de changer cette situation selon un plan concert\u00e9 demandant fermet\u00e9 et rigueur.<\/p>\n<p>Le Ministre de l\u2019Education Nationale et de la R\u00e9forme du Syst\u00e8me Educatif a fait le point sur les conditions d\u2019ouverture de l\u2019ann\u00e9e scolaire 2022-2023, sur l\u2019ensemble du territoire national.<\/p>\n<p>Cette communication met en outre l\u2019accent sur l\u2019importance qu\u2019accorde SEM le Pr\u00e9sident de la R\u00e9publique au lancement de l\u2019\u00e9cole r\u00e9publicaine, dont l\u2019objectif principal est de consolider l\u2019unit\u00e9 nationale et d\u2019\u00e9liminer les diff\u00e9rences.<\/p>\n<p>Le Ministre du Commerce, de l\u2019Industrie, de l\u2019Artisanat et du Tourisme a pr\u00e9sent\u00e9 une communication relative \u00e0 la cr\u00e9ation d\u2019un \u00e9tablissement public \u00e0 caract\u00e8re industriel et commercial, d\u00e9nomm\u00e9 \u00ab Agence Nationale de S\u00e9curit\u00e9 Sanitaire des Produits Alimentaires \u00bb.<\/p>\n<p>Cette communication a pour objet de pr\u00e9senter le cadre juridique pr\u00e9conis\u00e9 pour la cr\u00e9ation d\u2019un \u00e9tablissement public \u00e0 caract\u00e8re industriel et commercial d\u00e9nomm\u00e9 : Agence Nationale de S\u00e9curit\u00e9 Sanitaire des Produits Alimentaires.<\/p>\n<p>L\u2019objectif principal de l\u2019agence est d\u2019assurer la s\u00e9curit\u00e9 sanitaire des denr\u00e9es alimentaires et des produits de l\u2019alimentation animale. Elle vise, aussi, \u00e0 garantir que la circulation des marchandises import\u00e9es et celles qui sont produites localement, soit r\u00e9alis\u00e9e en conformit\u00e9 avec des normes et standards suffisamment fiables pour garantir la fourniture d\u2019aliments surs et sains. Cela suppose de la part de l\u2019Agence, un contr\u00f4le renforc\u00e9 sur l\u2019ensemble des produits alimentaires tant \u00e0 l\u2019importation que sur le march\u00e9 int\u00e9rieur et \u00e0 l\u2019exportation.<\/p>\n<p>Les Ministres des p\u00eaches et de l\u2019Economie Maritime, de l\u2019Elevage et de l\u2019Environnement et du D\u00e9veloppement Durable ont pr\u00e9sent\u00e9, chacun en ce qui le concerne, une situation d\u00e9taill\u00e9e de l\u2019\u00e9tat d\u2019avancement des projets de d\u00e9veloppement relevant de son d\u00e9partement.<\/p>\n<p>Enfin, le Conseil a pris les mesures individuelles suivantes :<\/p>\n<p>Secr\u00e9tariat G\u00e9n\u00e9ral de la Pr\u00e9sidence de la R\u00e9publique<\/p>\n<p>Etablissements Publics<\/p>\n<p>Agence de Gestion des Palais des Congr\u00e8s de Mauritanie<\/p>\n<p>Directrice G\u00e9n\u00e9rale Adjointe : Mariem AHMED MOUHAMEDOU, titulaire d\u2019un Master2 en monnaie, banque et finances, pr\u00e9c\u00e9demment attach\u00e9e \u00e0 la Pr\u00e9sidence de la R\u00e9publique.<\/p>\n<p>Minist\u00e8re des Affaires Etrang\u00e8res, de la Coop\u00e9ration et des Mauritaniens de l\u2019Ext\u00e9rieur<\/p>\n<p>Cabinet du Ministre<\/p>\n<p>Charg\u00e9 de Mission : Bismillah Elih AHMED SALEH, diplomate, titulaire d\u2019un Dipl\u00f4me Sup\u00e9rieur en Relations Internationales<\/p>\n<p>Minist\u00e8re de la Culture, de la Jeunesse, des Sports et des Relations avec le Parlement<\/p>\n<p>Etablissements Publics<\/p>\n<p>Autorit\u00e9 de R\u00e9gulation de la Publicit\u00e9,<\/p>\n<p>Pr\u00e9sident : Mohamed Abdellahi OULD LEHBIB.<br \/>\nAmi<\/p>\n","protected":false},"excerpt":{"rendered":"<p>Le Conseil des Ministres s\u2019est r\u00e9uni le Mercredi 05 octobre 2022 sous la Pr\u00e9sidence de Son Excellence Monsieur le Pr\u00e9sident de la R\u00e9publique Mohamed Ould Cheikh El-Ghazouani. Le Conseil a examin\u00e9 et adopt\u00e9 un projet de d\u00e9cret portant cr\u00e9ation, organisation et fonctionnement d\u2019un Etablissement Public \u00e0 caract\u00e8re Industriel et Commercial, d\u00e9nomm\u00e9 \u00ab Office National des &hellip;<\/p>\n","protected":false},"author":2,"featured_media":2120,"comment_status":"open","ping_status":"open","sticky":false,"template":"","format":"standard","meta":{"footnotes":""},"categories":[18],"tags":[],"class_list":["post-2257","post","type-post","status-publish","format-standard","has-post-thumbnail","hentry","category-actualites"],"_links":{"self":[{"href":"https:\/\/ladepeche.mr\/index.php?rest_route=\/wp\/v2\/posts\/2257","targetHints":{"allow":["GET"]}}],"collection":[{"href":"https:\/\/ladepeche.mr\/index.php?rest_route=\/wp\/v2\/posts"}],"about":[{"href":"https:\/\/ladepeche.mr\/index.php?rest_route=\/wp\/v2\/types\/post"}],"author":[{"embeddable":true,"href":"https:\/\/ladepeche.mr\/index.php?rest_route=\/wp\/v2\/users\/2"}],"replies":[{"embeddable":true,"href":"https:\/\/ladepeche.mr\/index.php?rest_route=%2Fwp%2Fv2%2Fcomments&post=2257"}],"version-history":[{"count":1,"href":"https:\/\/ladepeche.mr\/index.php?rest_route=\/wp\/v2\/posts\/2257\/revisions"}],"predecessor-version":[{"id":2258,"href":"https:\/\/ladepeche.mr\/index.php?rest_route=\/wp\/v2\/posts\/2257\/revisions\/2258"}],"wp:featuredmedia":[{"embeddable":true,"href":"https:\/\/ladepeche.mr\/index.php?rest_route=\/wp\/v2\/media\/2120"}],"wp:attachment":[{"href":"https:\/\/ladepeche.mr\/index.php?rest_route=%2Fwp%2Fv2%2Fmedia&parent=2257"}],"wp:term":[{"taxonomy":"category","embeddable":true,"href":"https:\/\/ladepeche.mr\/index.php?rest_route=%2Fwp%2Fv2%2Fcategories&post=2257"},{"taxonomy":"post_tag","embeddable":true,"href":"https:\/\/ladepeche.mr\/index.php?rest_route=%2Fwp%2Fv2%2Ftags&post=2257"}],"curies":[{"name":"wp","href":"https:\/\/api.w.org\/{rel}","templated":true}]}}