{"id":2262,"date":"2022-10-06T13:11:49","date_gmt":"2022-10-06T13:11:49","guid":{"rendered":"https:\/\/ladepeche.mr\/?p=2262"},"modified":"2022-10-06T13:20:00","modified_gmt":"2022-10-06T13:20:00","slug":"politique-mohamed-abdelaziz-tente-t-il-de-federer-une-opposition-avant-les-elections-anticipees","status":"publish","type":"post","link":"https:\/\/ladepeche.mr\/?p=2262","title":{"rendered":"Politique: Mohamed Abdelaziz tente-t-il de f\u00e9d\u00e9rer une opposition avant les \u00e9lections anticip\u00e9es?"},"content":{"rendered":"<p>L&#8217;ancien pr\u00e9sident Mohamed Ould Abdelaziz n&#8217;a pas encore dit son dernier mot. Son objectif semble de f\u00e9d\u00e9rer une opposition au r\u00e9gime actuel. Il continue, pour ce faire, une tourn\u00e9e politique en Europe o\u00f9 apr\u00e8s sa conf\u00e9rence tenue \u00e0 Bordeaux, il est all\u00e9 \u00e0 Bruxelles rencontrer ses compatriotes, dans ce qui semble \u00eatre une campagne d&#8217;explications.<br \/>\nLoin donc de d\u00e9poser les armes, l&#8217;ancien pr\u00e9sident les affute en pr\u00e9vision des prochaines consultations o\u00f9 il devrait soutenir quelques candidats aux \u00e9lections l\u00e9gislatives ou municipales.<br \/>\nEt l&#8217;ancien pr\u00e9sident d&#8217;attester &#8220;je continuerai \u00e0 faire de la politique&#8221; en r\u00e9ponse \u00e0 ceux qui avaient mis\u00e9 sur sa mise \u00e0 l&#8217;\u00e9cart indiquant que par rapport \u00e0 son accusation de d\u00e9tournement de biens publics &#8221; l\u2019\u00c9tat mauritanien n\u2019a pas pu d\u00e9montrer que j\u2019ai d\u00e9tourn\u00e9 de biens publics. Mais, on continue \u00e0 me harceler pour m\u2019emp\u00eacher de faire de la politique&#8221;.<br \/>\nMohamed Ould Abdelaziz qui pointe l&#8217;ancienne opposition de connivence avec le r\u00e9gime de Ghazouani appelle les \u00e9ventuels candidats \u00e0 s&#8217;insurger contre toute tentative du r\u00e9gime en place de frauder les \u00e9lections.<br \/>\nL&#8217;ancien pr\u00e9sident qui avait r\u00e9cup\u00e9r\u00e9 ses documents de voyage il y a quelques jours pour se rendre en France y avait organis\u00e9 une conf\u00e9rence sur la situation actuelle du pays. <\/p>\n","protected":false},"excerpt":{"rendered":"<p>L&#8217;ancien pr\u00e9sident Mohamed Ould Abdelaziz n&#8217;a pas encore dit son dernier mot. Son objectif semble de f\u00e9d\u00e9rer une opposition au r\u00e9gime actuel. Il continue, pour ce faire, une tourn\u00e9e politique en Europe o\u00f9 apr\u00e8s sa conf\u00e9rence tenue \u00e0 Bordeaux, il est all\u00e9 \u00e0 Bruxelles rencontrer ses compatriotes, dans ce qui semble \u00eatre une campagne d&#8217;explications. &hellip;<\/p>\n","protected":false},"author":2,"featured_media":2268,"comment_status":"open","ping_status":"open","sticky":false,"template":"","format":"standard","meta":{"footnotes":""},"categories":[18],"tags":[],"class_list":["post-2262","post","type-post","status-publish","format-standard","has-post-thumbnail","hentry","category-actualites"],"_links":{"self":[{"href":"https:\/\/ladepeche.mr\/index.php?rest_route=\/wp\/v2\/posts\/2262","targetHints":{"allow":["GET"]}}],"collection":[{"href":"https:\/\/ladepeche.mr\/index.php?rest_route=\/wp\/v2\/posts"}],"about":[{"href":"https:\/\/ladepeche.mr\/index.php?rest_route=\/wp\/v2\/types\/post"}],"author":[{"embeddable":true,"href":"https:\/\/ladepeche.mr\/index.php?rest_route=\/wp\/v2\/users\/2"}],"replies":[{"embeddable":true,"href":"https:\/\/ladepeche.mr\/index.php?rest_route=%2Fwp%2Fv2%2Fcomments&post=2262"}],"version-history":[{"count":3,"href":"https:\/\/ladepeche.mr\/index.php?rest_route=\/wp\/v2\/posts\/2262\/revisions"}],"predecessor-version":[{"id":2266,"href":"https:\/\/ladepeche.mr\/index.php?rest_route=\/wp\/v2\/posts\/2262\/revisions\/2266"}],"wp:featuredmedia":[{"embeddable":true,"href":"https:\/\/ladepeche.mr\/index.php?rest_route=\/wp\/v2\/media\/2268"}],"wp:attachment":[{"href":"https:\/\/ladepeche.mr\/index.php?rest_route=%2Fwp%2Fv2%2Fmedia&parent=2262"}],"wp:term":[{"taxonomy":"category","embeddable":true,"href":"https:\/\/ladepeche.mr\/index.php?rest_route=%2Fwp%2Fv2%2Fcategories&post=2262"},{"taxonomy":"post_tag","embeddable":true,"href":"https:\/\/ladepeche.mr\/index.php?rest_route=%2Fwp%2Fv2%2Ftags&post=2262"}],"curies":[{"name":"wp","href":"https:\/\/api.w.org\/{rel}","templated":true}]}}